{"id":43585,"date":"2019-06-03T12:59:46","date_gmt":"2019-06-03T10:59:46","guid":{"rendered":"http:\/\/theark.ch\/news\/les-start-up-de-the-ark-episode-7-des-choses-pareilles\/"},"modified":"2019-06-03T12:59:46","modified_gmt":"2019-06-03T10:59:46","slug":"les-start-up-de-the-ark-episode-7-des-choses-pareilles","status":"publish","type":"post","link":"https:\/\/theark.ch\/fr\/news\/les-start-up-de-the-ark-episode-7-des-choses-pareilles\/","title":{"rendered":"Les start-up de The Ark \u2013 Episode 7 : Des Choses Pareilles"},"content":{"rendered":"<p><strong>En mai dernier, la Fondation The Ark, via son Incubateur de start-up, a convi\u00e9 une s\u00e9rie de jeunes entreprises \u00e0 un workshop de deux jours \u00e0 Ovronnaz. Cette mise au vert avait pour but de travailler sur l\u2019art du \u00ab pitch \u00bb, o\u00f9 comment pr\u00e9senter au mieux son entreprise. C\u2019est \u00e9galement l\u2019occasion pour les lecteurs du blog The Ark de d\u00e9couvrir en vid\u00e9o une s\u00e9lection de jeunes pousses accompagn\u00e9es tout au long de l\u2019ann\u00e9e par la Fondation The Ark.<\/strong><\/p>\n<p>Septi\u00e8me start-up \u00e0 se pr\u00e9senter \u00e0 vous : Des Choses Pareilles. V\u00e9ritable copilote lors de la cr\u00e9ation de produit technologique, l\u2019entreprise s\u2019est donn\u00e9e pour mission d\u2019accompagner les porteurs d\u2019id\u00e9es vers l\u2019industrialisation de leur produit. Premier d\u00e9monstrateur, prototypes, \u2026 : tout est mis en place de mani\u00e8re \u00e0 converger vers le produit id\u00e9al. Sp\u00e9cialis\u00e9e dans l\u2019informatique, l\u2019\u00e9lectronique et la conception 3D, la jeune pousse dispose d\u2019excellentes comp\u00e9tences techniques et de mat\u00e9riel hautement technologique pour vous aider \u00e0 r\u00e9aliser votre projet !<\/p>\n<p>\u00a0<\/p>\n<p>D\u00e9couvrez l\u2019interview compl\u00e8te d\u2019Alexandre Sierro, co-fondateur de <a href=\"https:\/\/des-choses-pareilles.ch\/\" target=\"_blank\" rel=\"noopener\">Des Choses Pareilles<\/a> dans la vid\u00e9o ci-dessous.<\/p>\n<p>\u00a0<\/p>\n<p style=\"text-align: center;\"><iframe loading=\"lazy\" allow=\"autoplay; encrypted-media\" allowfullscreen=\"\" frameborder=\"0\" height=\"315\" src=\"https:\/\/www.youtube.com\/embed\/UYZVYjx_GXw\" width=\"560\"><\/iframe><\/p>\n<p style=\"text-align: center;\">\u00a0<\/p>\n<p>\u00a0<\/p>\n<p>\u00a0<\/p>\n","protected":false},"excerpt":{"rendered":"<p>En mai dernier, la Fondation The Ark, via son Incubateur de start-up, a convi\u00e9 une s\u00e9rie de jeunes entreprises \u00e0 un workshop de deux jours \u00e0 Ovronnaz. Cette mise au vert avait pour but de travailler sur l\u2019art du \u00ab pitch \u00bb, o\u00f9 comment pr\u00e9senter au mieux son entreprise. C\u2019est \u00e9galement l\u2019occasion pour les lecteurs [&hellip;]<\/p>\n","protected":false},"author":1,"featured_media":43586,"comment_status":"closed","ping_status":"closed","sticky":false,"template":"","format":"standard","meta":{"_acf_changed":false,"footnotes":""},"categories":[186],"tags":[],"class_list":["post-43585","post","type-post","status-publish","format-standard","has-post-thumbnail","hentry","category-digital"],"acf":[],"_links":{"self":[{"href":"https:\/\/theark.ch\/fr\/wp-json\/wp\/v2\/posts\/43585","targetHints":{"allow":["GET"]}}],"collection":[{"href":"https:\/\/theark.ch\/fr\/wp-json\/wp\/v2\/posts"}],"about":[{"href":"https:\/\/theark.ch\/fr\/wp-json\/wp\/v2\/types\/post"}],"author":[{"embeddable":true,"href":"https:\/\/theark.ch\/fr\/wp-json\/wp\/v2\/users\/1"}],"replies":[{"embeddable":true,"href":"https:\/\/theark.ch\/fr\/wp-json\/wp\/v2\/comments?post=43585"}],"version-history":[{"count":0,"href":"https:\/\/theark.ch\/fr\/wp-json\/wp\/v2\/posts\/43585\/revisions"}],"wp:featuredmedia":[{"embeddable":true,"href":"https:\/\/theark.ch\/fr\/wp-json\/wp\/v2\/media\/43586"}],"wp:attachment":[{"href":"https:\/\/theark.ch\/fr\/wp-json\/wp\/v2\/media?parent=43585"}],"wp:term":[{"taxonomy":"category","embeddable":true,"href":"https:\/\/theark.ch\/fr\/wp-json\/wp\/v2\/categories?post=43585"},{"taxonomy":"post_tag","embeddable":true,"href":"https:\/\/theark.ch\/fr\/wp-json\/wp\/v2\/tags?post=43585"}],"curies":[{"name":"wp","href":"https:\/\/api.w.org\/{rel}","templated":true}]}}