{"id":43609,"date":"2019-06-28T16:04:09","date_gmt":"2019-06-28T14:04:09","guid":{"rendered":"http:\/\/theark.ch\/news\/la-suisse-reste-leader-de-linnovation-en-europe\/"},"modified":"2019-06-28T16:04:09","modified_gmt":"2019-06-28T14:04:09","slug":"la-suisse-reste-leader-de-linnovation-en-europe","status":"publish","type":"post","link":"https:\/\/theark.ch\/fr\/news\/la-suisse-reste-leader-de-linnovation-en-europe\/","title":{"rendered":"La Suisse reste leader de l&rsquo;innovation en Europe !"},"content":{"rendered":"<p><strong>Le tableau de bord europ\u00e9en de l&#39;innovation, publi\u00e9 chaque ann\u00e9e, fournit une \u00e9valuation des performances des \u00c9tats membres de l&#39;UE et de certains pays tiers en mati\u00e8re de recherche et d&#39;innovation. Une fois de plus, la Suisse est en t\u00eate de liste. La performance globale du pays s&#39;est am\u00e9lior\u00e9e de 9,2 % par rapport \u00e0 celle de l\u2019UE, au cours des huit derni\u00e8res ann\u00e9es.<\/strong><\/p>\n<p>Le tableau de bord de cette ann\u00e9e montre que la Suisse est, une fois de plus, le leader europ\u00e9en de l&#39;innovation, devan\u00e7ant tous les \u00c9tats membres de l&#39;UE. La Suisse se distingue sur sept des dix indicateurs analys\u00e9s.<\/p>\n<p>\u00a0<\/p>\n<p><strong>L\u2019innovation au c\u0153ur du tissu \u00e9conomique suisse<\/strong><\/p>\n<p>En Suisse, l\u2019existence de syst\u00e8mes de recherche attrayants, l\u2019implication des ressources humaines et l\u2019investissement des entreprises sont les dimensions qui contribuent nettement \u00e0 amener l\u2019innovation au c\u0153ur du tissu \u00e9conomique. La Suisse obtient \u00e9galement des r\u00e9sultats particuli\u00e8rement \u00e9lev\u00e9s en ce qui concerne les co-publications public-priv\u00e9, le nombre de doctorants \u00e9trangers et la formation tout au long de la vie.<\/p>\n<p>En ce qui concerne les diff\u00e9rences structurelles, de nombreux indicateurs \u00e9conomiques se situent bien au-dessus de la moyenne de l&#39;UE. Un chiffre ressort clairement : la part des jeunes start-up de plus de dix salari\u00e9s est nettement inf\u00e9rieure \u00e0 la moyenne de l&#39;UE. Ce score confirme les conclusions de l\u2019\u00e9tude <a href=\"https:\/\/theark2017.allinone.io\/media\/document\/0\/startupradar_pdf.pdf?1561723370\" target=\"_blank\" rel=\"noopener\">Swiss Startup Radar<\/a>, selon lesquelles les jeunes entreprises suisses cr\u00e9ent moins d&#39;emplois au cours des dix premi\u00e8res ann\u00e9es de leur existence que les autres pays d&#39;Europe occidentale.<\/p>\n<p>\u00a0<\/p>\n<p><strong>Source<\/strong> : Startup Ticker<\/p>\n<p><\/p>\n<p>\u00a0<\/p>\n","protected":false},"excerpt":{"rendered":"<p>Le tableau de bord europ\u00e9en de l&#39;innovation, publi\u00e9 chaque ann\u00e9e, fournit une \u00e9valuation des performances des \u00c9tats membres de l&#39;UE et de certains pays tiers en mati\u00e8re de recherche et d&#39;innovation. Une fois de plus, la Suisse est en t\u00eate de liste. La performance globale du pays s&#39;est am\u00e9lior\u00e9e de 9,2 % par rapport \u00e0 [&hellip;]<\/p>\n","protected":false},"author":1,"featured_media":43610,"comment_status":"closed","ping_status":"closed","sticky":false,"template":"","format":"standard","meta":{"_acf_changed":false,"footnotes":""},"categories":[186],"tags":[],"class_list":["post-43609","post","type-post","status-publish","format-standard","has-post-thumbnail","hentry","category-digital"],"acf":[],"_links":{"self":[{"href":"https:\/\/theark.ch\/fr\/wp-json\/wp\/v2\/posts\/43609","targetHints":{"allow":["GET"]}}],"collection":[{"href":"https:\/\/theark.ch\/fr\/wp-json\/wp\/v2\/posts"}],"about":[{"href":"https:\/\/theark.ch\/fr\/wp-json\/wp\/v2\/types\/post"}],"author":[{"embeddable":true,"href":"https:\/\/theark.ch\/fr\/wp-json\/wp\/v2\/users\/1"}],"replies":[{"embeddable":true,"href":"https:\/\/theark.ch\/fr\/wp-json\/wp\/v2\/comments?post=43609"}],"version-history":[{"count":0,"href":"https:\/\/theark.ch\/fr\/wp-json\/wp\/v2\/posts\/43609\/revisions"}],"wp:featuredmedia":[{"embeddable":true,"href":"https:\/\/theark.ch\/fr\/wp-json\/wp\/v2\/media\/43610"}],"wp:attachment":[{"href":"https:\/\/theark.ch\/fr\/wp-json\/wp\/v2\/media?parent=43609"}],"wp:term":[{"taxonomy":"category","embeddable":true,"href":"https:\/\/theark.ch\/fr\/wp-json\/wp\/v2\/categories?post=43609"},{"taxonomy":"post_tag","embeddable":true,"href":"https:\/\/theark.ch\/fr\/wp-json\/wp\/v2\/tags?post=43609"}],"curies":[{"name":"wp","href":"https:\/\/api.w.org\/{rel}","templated":true}]}}