{"id":43775,"date":"2019-10-08T13:30:39","date_gmt":"2019-10-08T11:30:39","guid":{"rendered":"http:\/\/theark.ch\/news\/secteur-des-tic-des-previsions-optimistes-pour-levolution-conjoncturelle\/"},"modified":"2019-10-08T13:30:39","modified_gmt":"2019-10-08T11:30:39","slug":"secteur-des-tic-des-previsions-optimistes-pour-levolution-conjoncturelle","status":"publish","type":"post","link":"https:\/\/theark.ch\/fr\/news\/secteur-des-tic-des-previsions-optimistes-pour-levolution-conjoncturelle\/","title":{"rendered":"Secteur des TIC : des pr\u00e9visions optimistes pour l\u2019\u00e9volution conjoncturelle !"},"content":{"rendered":"<p><strong>Chaque trois mois, l\u2019indice TIC Swico mesure les facteurs pertinents de l\u2019\u00e9volution conjoncturelle dans le secteur des TIC et de l\u2019\u00e9lectronique grand public. L\u2019indice est calcul\u00e9 \u00e0 partir d\u2019enqu\u00eates r\u00e9alis\u00e9es aupr\u00e8s des dirigeants des entreprises suisses du domaine. Ce trimestre, l\u2019indice a atteint le niveau \u00e9lev\u00e9 de 116,8 points. Les pr\u00e9visions sont donc positives pour les quatre segments du secteur des TIC. Cependant, des d\u00e9fis se pr\u00e9sentent en raison du manque de sp\u00e9cialistes TIC et de la pression sur les marges.<\/strong><\/p>\n<p>L\u2019optimisme du secteur des TIC persiste, c\u2019est ce que montrent les indices des divers segments ! Le segment Logiciels atteint 118,0 points, suivi de pr\u00e8s par le segment Conseil informatique avec 117,6 points et le segment Services informatiques avec 117,5 points. Avec une valeur toujours \u00e9lev\u00e9e de 111 points, le segment Technologie informatique enregistre la valeur la plus basse du secteur des TIC. Tous les segments du secteur des TIC comptent sur une croissance plus rentable. Ceci est \u00e0 imputer aux pr\u00e9visions positives concernant les commandes, la marge brute et le chiffre d\u2019affaires. \u00a0<\/p>\n<p>\u00a0<\/p>\n<p><strong>Un d\u00e9fi de taille : le manque de sp\u00e9cialistes TIC\u00a0<\/strong><\/p>\n<p>Dans tous les segments du secteur des TIC, le manque de sp\u00e9cialistes est de loin le d\u00e9fi \u00e9voqu\u00e9 le plus fr\u00e9quemment. La situation actuelle rend difficile pour tous les segments la planification du d\u00e9veloppement des entreprises et la gestion des projets en cours. Les difficult\u00e9s de recrutement de nouveaux collaborateurs qualifi\u00e9s nuisent \u00e9galement au d\u00e9veloppement et \u00e0 la maturit\u00e9 commerciale de nouveaux produits et services, dans tous les segments.<\/p>\n<p>Dans le segment Logiciels notamment, ce manque est ressenti en ce qui concerne les appels d\u2019offres publics OMC. Ces derniers engendrent des frais \u00e9lev\u00e9s pour l\u2019enregistrement d\u2019une part et causent une grande incertitude en mati\u00e8re de planification d\u2019autre part.\u00a0<\/p>\n<p>La situation politique, comme par exemple le Brexit, semble peu d\u00e9sorienter le secteur. Seul le segment Services informatiques le mentionne comme un d\u00e9fi. Le risque d\u2019un ralentissement \u00e9conomique n\u2019est \u00e9galement \u00e9voqu\u00e9 que de mani\u00e8re isol\u00e9e par le secteur des TIC.<\/p>\n<p>\u00a0<\/p>\n<p><strong>A propos de l\u2019indice Swico TIC<\/strong><\/p>\n<p>L\u2019indice <a href=\"https:\/\/www.swico.ch\/fr\/\" target=\"_blank\" rel=\"noopener\">Swico<\/a> TIC se fonde sur des pr\u00e9visions et non sur les r\u00e9sultats du pass\u00e9. Il ne refl\u00e8te donc pas directement les chiffres d\u2019affaires ou les chiffres de vente, mais les attentes pour le trimestre \u00e0 venir. Pour compenser les variations saisonni\u00e8res, l\u2019indice compare les pr\u00e9visions pour le trimestre suivant au r\u00e9sultat du trimestre correspondant de l\u2019ann\u00e9e pr\u00e9c\u00e9dente.<\/p>\n<p>\u00a0<\/p>\n<p><strong>Source<\/strong> : SWICO<\/p>\n<p><\/p>\n<p>\u00a0<\/p>\n","protected":false},"excerpt":{"rendered":"<p>Chaque trois mois, l\u2019indice TIC Swico mesure les facteurs pertinents de l\u2019\u00e9volution conjoncturelle dans le secteur des TIC et de l\u2019\u00e9lectronique grand public. L\u2019indice est calcul\u00e9 \u00e0 partir d\u2019enqu\u00eates r\u00e9alis\u00e9es aupr\u00e8s des dirigeants des entreprises suisses du domaine. Ce trimestre, l\u2019indice a atteint le niveau \u00e9lev\u00e9 de 116,8 points. Les pr\u00e9visions sont donc positives pour [&hellip;]<\/p>\n","protected":false},"author":1,"featured_media":43776,"comment_status":"closed","ping_status":"closed","sticky":false,"template":"","format":"standard","meta":{"_acf_changed":false,"footnotes":""},"categories":[186],"tags":[],"class_list":["post-43775","post","type-post","status-publish","format-standard","has-post-thumbnail","hentry","category-digital"],"acf":[],"_links":{"self":[{"href":"https:\/\/theark.ch\/fr\/wp-json\/wp\/v2\/posts\/43775","targetHints":{"allow":["GET"]}}],"collection":[{"href":"https:\/\/theark.ch\/fr\/wp-json\/wp\/v2\/posts"}],"about":[{"href":"https:\/\/theark.ch\/fr\/wp-json\/wp\/v2\/types\/post"}],"author":[{"embeddable":true,"href":"https:\/\/theark.ch\/fr\/wp-json\/wp\/v2\/users\/1"}],"replies":[{"embeddable":true,"href":"https:\/\/theark.ch\/fr\/wp-json\/wp\/v2\/comments?post=43775"}],"version-history":[{"count":0,"href":"https:\/\/theark.ch\/fr\/wp-json\/wp\/v2\/posts\/43775\/revisions"}],"wp:featuredmedia":[{"embeddable":true,"href":"https:\/\/theark.ch\/fr\/wp-json\/wp\/v2\/media\/43776"}],"wp:attachment":[{"href":"https:\/\/theark.ch\/fr\/wp-json\/wp\/v2\/media?parent=43775"}],"wp:term":[{"taxonomy":"category","embeddable":true,"href":"https:\/\/theark.ch\/fr\/wp-json\/wp\/v2\/categories?post=43775"},{"taxonomy":"post_tag","embeddable":true,"href":"https:\/\/theark.ch\/fr\/wp-json\/wp\/v2\/tags?post=43775"}],"curies":[{"name":"wp","href":"https:\/\/api.w.org\/{rel}","templated":true}]}}