{"id":43835,"date":"2019-11-25T12:44:47","date_gmt":"2019-11-25T11:44:47","guid":{"rendered":"http:\/\/theark.ch\/news\/the-ark-a-toujours-su-garder-les-entrepreneurs-au-coeur-de-son-action\/"},"modified":"2019-11-25T12:44:47","modified_gmt":"2019-11-25T10:44:47","slug":"the-ark-a-toujours-su-garder-les-entrepreneurs-au-coeur-de-son-action","status":"publish","type":"post","link":"https:\/\/theark.ch\/fr\/news\/the-ark-a-toujours-su-garder-les-entrepreneurs-au-coeur-de-son-action\/","title":{"rendered":"\u00abThe Ark a toujours su garder les entrepreneurs au c\u0153ur de son action\u00bb"},"content":{"rendered":"<p><strong>15 ans d\u2019innovation, 15 ans de soutien \u00e0 l\u2019\u00e9conomie valaisanne, 15 ans d\u2019\u00e9closion de nouveaux projets\u2009: c\u2019est cette ann\u00e9e que la Fondation The Ark c\u00e9l\u00e8bre son quinzi\u00e8me anniversaire\u2009! Pour l\u2019occasion, une s\u00e9rie d\u2019\u00e9v\u00e8nements ont eu lieu du 19 au 21 novembre dernier \u00e0 Alpark \u00e0 Sion. Lors de la soir\u00e9e officielle, le Conseiller d\u2019Etat Christophe Darbellay est revenu sur le r\u00f4le crucial que joue The Ark dans le d\u00e9veloppement \u00e9conomique du canton.\u00a0<\/strong><\/p>\n<p>\u00a0<\/p>\n<p>\u00ab\u2009De tout temps, les Valaisannes et Valaisans ont eu le courage de se lancer dans des projets ambitieux et essentiels pour leur futur et celui de leur canton\u2009: que ce soient les infrastructures hydro\u00e9lectriques, les bisses ou le d\u00e9veloppement de destinations touristiques dans nos vall\u00e9es. Autant de t\u00e9moins encore visibles aujourd\u2019hui. Sans fiert\u00e9 d\u00e9plac\u00e9e, nous pouvons ajouter la cr\u00e9ation de la Fondation The Ark en 2004 \u00e0 la liste de ces initiatives pionni\u00e8res et cruciales pour le futur du d\u00e9veloppement \u00e9conomique du Valais\u2009\u00bb, a pr\u00e9cis\u00e9 Christophe Darbellay devant un parterre d\u2019environ 300 invit\u00e9s, dont pr\u00e8s de 200 entrepreneurs.\u00a0<\/p>\n<p>Fond\u00e9e en 2004, la <a href=\"http:\/\/theark.ch\/\" target=\"_blank\">Fondation The Ark<\/a> offre un soutien pragmatique aux entrepreneurs innovants et \u0153uvre au d\u00e9veloppement du Valais technologique. \u00ab\u2009La Fondation The Ark a concr\u00e9tis\u00e9 sa valeur ajout\u00e9e dans sa d\u00e9marche organis\u00e9e et synth\u00e9tis\u00e9e mise en \u0153uvre dans le cadre d\u2019une strat\u00e9gie de diversification et de dynamisation \u00e9conomique au niveau cantonal. Ceci avec l\u2019ambition de faire du Valais une r\u00e9gion technologique \u00e0 tr\u00e8s haute valeur ajout\u00e9e\u2009\u00bb.\u00a0<\/p>\n<p>\u00ab\u2009Apr\u00e8s 15 ans d\u2019activit\u00e9, nous constatons avec satisfaction que les orientations prises se sont r\u00e9v\u00e9l\u00e9es payantes en permettant au canton de diversifier son tissu \u00e9conomique\u2009\u00bb, selon Christophe Darbellay. Concr\u00e8tement, ce sont pr\u00e8s de 80 entreprises valaisannes qui, chaque ann\u00e9e, b\u00e9n\u00e9ficient du soutien de la Fondation The Ark pour d\u00e9velopper et faire m\u00fbrir leurs projets, produits ou services. 120 entreprises sont \u00e9galement h\u00e9berg\u00e9es sur les sites technologiques de The Ark, entre Monthey, Martigny, Conthey, Sion, Sierre et Vi\u00e8ge.\u00a0<\/p>\n<p><strong>\u00a0<\/p>\n<p>Un outil essentiel du d\u00e9veloppement \u00e9conomique valaisan<\/strong><\/p>\n<p>Le Valais est aujourd\u2019hui reconnu comme un p\u00f4le d\u2019excellence en mati\u00e8re de technologie, d\u2019innovation, de recherche et de d\u00e9veloppement, ce qui s\u2019explique notamment par son environnement propice \u00e0 l\u2019entrepreneuriat. \u00ab\u2009La Fondation The Ark a toujours su placer et garder les entrepreneurs au c\u0153ur de son action. Elle demeure encore aujourd\u2019hui un outil essentiel du d\u00e9veloppement \u00e9conomique valaisan afin de relever les d\u00e9fis \u00e0 venir et poursuivre la construction d\u2019un Valais technologique \u00e0 haute valeur ajout\u00e9e.\u2009\u00bb\u00a0<\/p>\n<p>Christophe Darbellay a conclu son discours en remerciant toutes les personnes qui collaborent jour apr\u00e8s jour avec la Fondation The Ark. \u00ab\u2009Nous ne f\u00eaterions pas ces 15 ans de succ\u00e8s sans vous. Par votre travail et votre implication, vous avez fait d\u2019un r\u00eave une r\u00e9alit\u00e9.\u2009\u00bb Un r\u00eave qui se poursuit et dont les nombreux (futurs) projets promettent un avenir passionnant et innovant pour le Valais de demain\u2009!\u00a0<\/p>\n<p>\u00a0<\/p>\n<p><em>Propos recueillis le 19 novembre 2019 \u00a0<\/em><\/p>\n<p>\u00a0<\/p>\n","protected":false},"excerpt":{"rendered":"<p>15 ans d\u2019innovation, 15 ans de soutien \u00e0 l\u2019\u00e9conomie valaisanne, 15 ans d\u2019\u00e9closion de nouveaux projets\u2009: c\u2019est cette ann\u00e9e que la Fondation The Ark c\u00e9l\u00e8bre son quinzi\u00e8me anniversaire\u2009! Pour l\u2019occasion, une s\u00e9rie d\u2019\u00e9v\u00e8nements ont eu lieu du 19 au 21 novembre dernier \u00e0 Alpark \u00e0 Sion. Lors de la soir\u00e9e officielle, le Conseiller d\u2019Etat Christophe [&hellip;]<\/p>\n","protected":false},"author":1,"featured_media":43836,"comment_status":"closed","ping_status":"closed","sticky":false,"template":"","format":"standard","meta":{"_acf_changed":false,"footnotes":""},"categories":[186],"tags":[],"class_list":["post-43835","post","type-post","status-publish","format-standard","has-post-thumbnail","hentry","category-digital"],"acf":[],"_links":{"self":[{"href":"https:\/\/theark.ch\/fr\/wp-json\/wp\/v2\/posts\/43835","targetHints":{"allow":["GET"]}}],"collection":[{"href":"https:\/\/theark.ch\/fr\/wp-json\/wp\/v2\/posts"}],"about":[{"href":"https:\/\/theark.ch\/fr\/wp-json\/wp\/v2\/types\/post"}],"author":[{"embeddable":true,"href":"https:\/\/theark.ch\/fr\/wp-json\/wp\/v2\/users\/1"}],"replies":[{"embeddable":true,"href":"https:\/\/theark.ch\/fr\/wp-json\/wp\/v2\/comments?post=43835"}],"version-history":[{"count":0,"href":"https:\/\/theark.ch\/fr\/wp-json\/wp\/v2\/posts\/43835\/revisions"}],"wp:featuredmedia":[{"embeddable":true,"href":"https:\/\/theark.ch\/fr\/wp-json\/wp\/v2\/media\/43836"}],"wp:attachment":[{"href":"https:\/\/theark.ch\/fr\/wp-json\/wp\/v2\/media?parent=43835"}],"wp:term":[{"taxonomy":"category","embeddable":true,"href":"https:\/\/theark.ch\/fr\/wp-json\/wp\/v2\/categories?post=43835"},{"taxonomy":"post_tag","embeddable":true,"href":"https:\/\/theark.ch\/fr\/wp-json\/wp\/v2\/tags?post=43835"}],"curies":[{"name":"wp","href":"https:\/\/api.w.org\/{rel}","templated":true}]}}