{"id":43839,"date":"2019-12-04T10:02:23","date_gmt":"2019-12-04T09:02:23","guid":{"rendered":"http:\/\/theark.ch\/news\/un-workshop-financement-fort-utile-pour-les-start-up-de-the-ark\/"},"modified":"2019-12-04T10:02:23","modified_gmt":"2019-12-04T08:02:23","slug":"un-workshop-financement-fort-utile-pour-les-start-up-de-the-ark","status":"publish","type":"post","link":"https:\/\/theark.ch\/fr\/news\/un-workshop-financement-fort-utile-pour-les-start-up-de-the-ark\/","title":{"rendered":"Un workshop financement fort utile pour les start-up de The Ark"},"content":{"rendered":"<p><strong>Le jeudi 28 novembre dernier, la Fondation The Ark a r\u00e9uni une dizaine de start-up sur son site technologique <a href=\"https:\/\/www.ideark.ch\/fr\/\" target=\"_blank\" rel=\"noopener\">IdeArk<\/a> \u00e0 Martigny pour un workshop sur le th\u00e8me du financement. Une vingtaine de personnes ont particip\u00e9 \u00e0 cette manifestation inter-entreprises, qui a permis d\u2019\u00e9changer avec deux expertes du domaine. Une exp\u00e9rience enrichissante pour les entrepreneurs pr\u00e9sents\u2009! \u00a0<\/strong><\/p>\n<p>Le workshop a dur\u00e9 tout l\u2019apr\u00e8s-midi. C\u00e9line R\u00e9mondeulaz, \u00e9conomiste au <a href=\"https:\/\/www.ccf-valais.ch\/fr\/\" target=\"_blank\" rel=\"noopener\">Centre de cautionnement et de financement<\/a> (CCF) a d\u00e9taill\u00e9 les missions du CCF et les premi\u00e8res opportunit\u00e9s de financement pour les projets early-phase et les start-up en d\u00e9marrage. Elle a \u00e9galement d\u00e9taill\u00e9 les diff\u00e9rentes possibilit\u00e9s de soutien propos\u00e9es par le CCF, notamment les fonds d\u2019amor\u00e7age et les subventions. \u00a0<\/p>\n<p>C\u2019est ensuite Nadine Geiser, de <a href=\"https:\/\/www.redalpine.com\/#main-header\" target=\"_blank\" rel=\"noopener\">Redalpine Venture Capital<\/a>, qui a pr\u00e9sent\u00e9 les diff\u00e9rents types de capital risqueurs et leur fonctionnement ainsi que les \u00e9tapes de financements durant lesquelles ils interviennent. Elle a \u00e9galement donn\u00e9 des informations pr\u00e9cieuses sur la mani\u00e8re d\u2019aborder des Venture capitalists ainsi que les principales erreurs \u00e0 ne pas commettre.\u00a0<\/p>\n<p>Les discussions entre les intervenantes et les cr\u00e9ateurs de start-up ont \u00e9t\u00e9 riches, avec des premiers \u00e9changes informels qui pourraient d\u00e9boucher sur des r\u00e9sultats concrets \u00e0 court terme. La Fondation The Ark souhaite multiplier ces discussions inter-entreprises \u00e0 l\u2019avenir. \u00a0<\/p>\n<p><\/p>\n<p>\u00a0<\/p>\n","protected":false},"excerpt":{"rendered":"<p>Le jeudi 28 novembre dernier, la Fondation The Ark a r\u00e9uni une dizaine de start-up sur son site technologique IdeArk \u00e0 Martigny pour un workshop sur le th\u00e8me du financement. Une vingtaine de personnes ont particip\u00e9 \u00e0 cette manifestation inter-entreprises, qui a permis d\u2019\u00e9changer avec deux expertes du domaine. Une exp\u00e9rience enrichissante pour les entrepreneurs [&hellip;]<\/p>\n","protected":false},"author":1,"featured_media":43840,"comment_status":"closed","ping_status":"closed","sticky":false,"template":"","format":"standard","meta":{"_acf_changed":false,"footnotes":""},"categories":[186],"tags":[],"class_list":["post-43839","post","type-post","status-publish","format-standard","has-post-thumbnail","hentry","category-digital"],"acf":[],"_links":{"self":[{"href":"https:\/\/theark.ch\/fr\/wp-json\/wp\/v2\/posts\/43839","targetHints":{"allow":["GET"]}}],"collection":[{"href":"https:\/\/theark.ch\/fr\/wp-json\/wp\/v2\/posts"}],"about":[{"href":"https:\/\/theark.ch\/fr\/wp-json\/wp\/v2\/types\/post"}],"author":[{"embeddable":true,"href":"https:\/\/theark.ch\/fr\/wp-json\/wp\/v2\/users\/1"}],"replies":[{"embeddable":true,"href":"https:\/\/theark.ch\/fr\/wp-json\/wp\/v2\/comments?post=43839"}],"version-history":[{"count":0,"href":"https:\/\/theark.ch\/fr\/wp-json\/wp\/v2\/posts\/43839\/revisions"}],"wp:featuredmedia":[{"embeddable":true,"href":"https:\/\/theark.ch\/fr\/wp-json\/wp\/v2\/media\/43840"}],"wp:attachment":[{"href":"https:\/\/theark.ch\/fr\/wp-json\/wp\/v2\/media?parent=43839"}],"wp:term":[{"taxonomy":"category","embeddable":true,"href":"https:\/\/theark.ch\/fr\/wp-json\/wp\/v2\/categories?post=43839"},{"taxonomy":"post_tag","embeddable":true,"href":"https:\/\/theark.ch\/fr\/wp-json\/wp\/v2\/tags?post=43839"}],"curies":[{"name":"wp","href":"https:\/\/api.w.org\/{rel}","templated":true}]}}