{"id":43885,"date":"2020-01-13T12:37:58","date_gmt":"2020-01-13T11:37:58","guid":{"rendered":"http:\/\/theark.ch\/news\/le-groupe-t2i-reste-la-plus-grande-pme-informatique-du-valais\/"},"modified":"2020-01-13T12:37:58","modified_gmt":"2020-01-13T10:37:58","slug":"le-groupe-t2i-reste-la-plus-grande-pme-informatique-du-valais","status":"publish","type":"post","link":"https:\/\/theark.ch\/fr\/news\/le-groupe-t2i-reste-la-plus-grande-pme-informatique-du-valais\/","title":{"rendered":"Le Groupe T2i reste la plus grande PME informatique du Valais"},"content":{"rendered":"<p><strong>Le Groupe T2i, bas\u00e9 au Techno-p\u00f4le de Sierre, est la plus grande soci\u00e9t\u00e9 informatique du Valais. C\u2019est ce que r\u00e9v\u00e8le une \u00e9tude men\u00e9e par l\u2019ICT Journal publi\u00e9e au d\u00e9but de l\u2019ann\u00e9e 2020. La seconde place est occup\u00e9e conjointement par Swisscom et Silicom Group, juste devant CIGES SA. \u00a0<\/strong><\/p>\n<p>Au 1er septembre 2019, le <a href=\"https:\/\/www.groupe-t2i.com\/fr-ch\/\" target=\"_blank\" rel=\"noopener\">Groupe T2i<\/a> employait au total 142 personnes, selon l\u2019\u00e9tude de l\u2019ICT Journal. Cela place l\u2019entreprise sierroise en 16e position du classement suisse. Parmi ses 142 personnes, 99 sont actives en Valais. Groupe international implant\u00e9 localement, le Groupe T2i est sp\u00e9cialis\u00e9 dans l\u2019\u00e9dition de logiciels informatiques, notamment pour l\u2019administration publique, l\u2019immobilier, les infrastructures et les ressources humaines. Aujourd\u2019hui, 250\u2019000 utilisateurs utilisent les solutions de Groupe T2i. Plus de 20% du chiffre d\u2019affaires est utilis\u00e9 pour la recherche et le d\u00e9veloppement.<\/p>\n<p>\u00a0<\/p>\n<p><strong>Swisscom et Silicom sur le podium valaisan\u00a0<\/strong><\/p>\n<p><a href=\"https:\/\/www.swisscom.ch\/fr\/clients-prives.html\" target=\"_blank\" rel=\"noopener\">Swisscom<\/a> et <a href=\"http:\/\/www.silicomgroup.ch\/\" target=\"_blank\" rel=\"noopener\">Silicom<\/a>, ses dauphins au classement des employeurs valaisans, ont tous les deux 34 salari\u00e9s. Le groupe Silicom, cr\u00e9\u00e9 en 2017 suite au regroupement de Krios Suisse, Helvetec, 8Uit et Simnet, occupe la 71e place du classement suisse en nombre d\u2019employ\u00e9s. \u00a0<\/p>\n<p><a href=\"https:\/\/www.ciges.ch\/\" target=\"_blank\" rel=\"noopener\">CIGES<\/a> (27 employ\u00e9s en Valais \u2013 85e place suisse), <a href=\"https:\/\/proactive-partners.ch\/fr\/\" target=\"_blank\" rel=\"noopener\">Proactive Partners<\/a> (45 employ\u00e9s dont 15 dans son centre de recherche et d\u00e9veloppement de Sion \u2013 61e place suisse) et <a href=\"https:\/\/synchrotech.ch\/\" target=\"_blank\" rel=\"noopener\">Synchrotech<\/a> (25 employ\u00e9s dont 15 \u00e0 Martigny \u2013 87e place suisse) compl\u00e8tent le palmar\u00e8s valaisan. \u00a0<\/p>\n<p>La plupart des soci\u00e9t\u00e9s IT actives en Suisse romande sont des prestataires de services proposant en g\u00e9n\u00e9ral une combinaison de prestations\u2009: conseil, int\u00e9gration, d\u00e9l\u00e9gation de personnel. Seule une soci\u00e9t\u00e9 sur quatre \u00e9dite des logiciels et un nombre marginal fabrique des \u00e9quipements, note l\u2019ICT Journal.\u00a0<\/p>\n<p>\u00a0<\/p>\n<p><strong>Source<\/strong>\u2009: ICT Journal\u00a0<\/p>\n<p>\u00a0<\/p>\n","protected":false},"excerpt":{"rendered":"<p>Le Groupe T2i, bas\u00e9 au Techno-p\u00f4le de Sierre, est la plus grande soci\u00e9t\u00e9 informatique du Valais. C\u2019est ce que r\u00e9v\u00e8le une \u00e9tude men\u00e9e par l\u2019ICT Journal publi\u00e9e au d\u00e9but de l\u2019ann\u00e9e 2020. La seconde place est occup\u00e9e conjointement par Swisscom et Silicom Group, juste devant CIGES SA. \u00a0 Au 1er septembre 2019, le Groupe T2i [&hellip;]<\/p>\n","protected":false},"author":1,"featured_media":43886,"comment_status":"closed","ping_status":"closed","sticky":false,"template":"","format":"standard","meta":{"_acf_changed":false,"footnotes":""},"categories":[186],"tags":[],"class_list":["post-43885","post","type-post","status-publish","format-standard","has-post-thumbnail","hentry","category-digital"],"acf":[],"_links":{"self":[{"href":"https:\/\/theark.ch\/fr\/wp-json\/wp\/v2\/posts\/43885","targetHints":{"allow":["GET"]}}],"collection":[{"href":"https:\/\/theark.ch\/fr\/wp-json\/wp\/v2\/posts"}],"about":[{"href":"https:\/\/theark.ch\/fr\/wp-json\/wp\/v2\/types\/post"}],"author":[{"embeddable":true,"href":"https:\/\/theark.ch\/fr\/wp-json\/wp\/v2\/users\/1"}],"replies":[{"embeddable":true,"href":"https:\/\/theark.ch\/fr\/wp-json\/wp\/v2\/comments?post=43885"}],"version-history":[{"count":0,"href":"https:\/\/theark.ch\/fr\/wp-json\/wp\/v2\/posts\/43885\/revisions"}],"wp:featuredmedia":[{"embeddable":true,"href":"https:\/\/theark.ch\/fr\/wp-json\/wp\/v2\/media\/43886"}],"wp:attachment":[{"href":"https:\/\/theark.ch\/fr\/wp-json\/wp\/v2\/media?parent=43885"}],"wp:term":[{"taxonomy":"category","embeddable":true,"href":"https:\/\/theark.ch\/fr\/wp-json\/wp\/v2\/categories?post=43885"},{"taxonomy":"post_tag","embeddable":true,"href":"https:\/\/theark.ch\/fr\/wp-json\/wp\/v2\/tags?post=43885"}],"curies":[{"name":"wp","href":"https:\/\/api.w.org\/{rel}","templated":true}]}}