{"id":43929,"date":"2020-02-04T14:53:06","date_gmt":"2020-02-04T13:53:06","guid":{"rendered":"http:\/\/theark.ch\/news\/silicom-group-acquiert-le-groupe-exel-informatique\/"},"modified":"2020-02-04T14:53:06","modified_gmt":"2020-02-04T12:53:06","slug":"silicom-group-acquiert-le-groupe-exel-informatique","status":"publish","type":"post","link":"https:\/\/theark.ch\/fr\/news\/silicom-group-acquiert-le-groupe-exel-informatique\/","title":{"rendered":"Silicom Group acquiert le groupe Exel Informatique"},"content":{"rendered":"<p><strong>Actif dans les technologies de l\u2019information, Silicom Group\u00a0renforce sa pr\u00e9sence en Romandie. L\u2019entreprise\u00a0compl\u00e8te son offre de services et de produits destin\u00e9s \u00e0 l\u2019augmentation de la productivit\u00e9 des PME.<\/strong><\/p>\n<p>Cette acquisition suit une logique manag\u00e9riale en jouant la carte de la compl\u00e9mentarit\u00e9.\u00a0<a href=\"https:\/\/silicom.group\/\" target=\"_blank\" rel=\"noopener\">Silicom Group<\/a>, qui poss\u00e8de d\u00e9j\u00e0 les soci\u00e9t\u00e9s Simnet SA et Silicom SA, couvre les services d\u2019h\u00e9bergement, la s\u00e9curit\u00e9 IT, les objets connect\u00e9s (IOT) ainsi que l\u2019int\u00e9gration des outils modernes de productivit\u00e9, alors que le groupe <a href=\"https:\/\/www.exelinfo.ch\/\" target=\"_blank\" rel=\"noopener\">Exel Informatique<\/a> est actif dans les domaines de l\u2019\u00e9dition des logiciels, de l\u2019int\u00e9gration des syst\u00e8mes d\u2019information (ERP), du conseil strat\u00e9gique aux entreprises et de la gestion des structures IT.<\/p>\n<p>Pour assurer ce rapprochement dans les meilleures conditions, le groupe Exel Informatique sera dirig\u00e9 par MM. Jonathan Cavadini et S\u00e9van Reymond, tous deux d\u00e9j\u00e0 en poste dans le comit\u00e9 de direction. Quant \u00e0 M. Bertrand Fournier de Silicom, il prendra la fonction de CEO du groupe.<\/p>\n<p><\/p>\n<p><strong>Source<\/strong> : communiqu\u00e9 de presse Silicom Group<\/p>\n<p><\/p>\n<p>\u00a0<\/p>\n","protected":false},"excerpt":{"rendered":"<p>Actif dans les technologies de l\u2019information, Silicom Group\u00a0renforce sa pr\u00e9sence en Romandie. L\u2019entreprise\u00a0compl\u00e8te son offre de services et de produits destin\u00e9s \u00e0 l\u2019augmentation de la productivit\u00e9 des PME. Cette acquisition suit une logique manag\u00e9riale en jouant la carte de la compl\u00e9mentarit\u00e9.\u00a0Silicom Group, qui poss\u00e8de d\u00e9j\u00e0 les soci\u00e9t\u00e9s Simnet SA et Silicom SA, couvre les services [&hellip;]<\/p>\n","protected":false},"author":1,"featured_media":43930,"comment_status":"closed","ping_status":"closed","sticky":false,"template":"","format":"standard","meta":{"_acf_changed":false,"footnotes":""},"categories":[186],"tags":[],"class_list":["post-43929","post","type-post","status-publish","format-standard","has-post-thumbnail","hentry","category-digital"],"acf":[],"_links":{"self":[{"href":"https:\/\/theark.ch\/fr\/wp-json\/wp\/v2\/posts\/43929","targetHints":{"allow":["GET"]}}],"collection":[{"href":"https:\/\/theark.ch\/fr\/wp-json\/wp\/v2\/posts"}],"about":[{"href":"https:\/\/theark.ch\/fr\/wp-json\/wp\/v2\/types\/post"}],"author":[{"embeddable":true,"href":"https:\/\/theark.ch\/fr\/wp-json\/wp\/v2\/users\/1"}],"replies":[{"embeddable":true,"href":"https:\/\/theark.ch\/fr\/wp-json\/wp\/v2\/comments?post=43929"}],"version-history":[{"count":0,"href":"https:\/\/theark.ch\/fr\/wp-json\/wp\/v2\/posts\/43929\/revisions"}],"wp:featuredmedia":[{"embeddable":true,"href":"https:\/\/theark.ch\/fr\/wp-json\/wp\/v2\/media\/43930"}],"wp:attachment":[{"href":"https:\/\/theark.ch\/fr\/wp-json\/wp\/v2\/media?parent=43929"}],"wp:term":[{"taxonomy":"category","embeddable":true,"href":"https:\/\/theark.ch\/fr\/wp-json\/wp\/v2\/categories?post=43929"},{"taxonomy":"post_tag","embeddable":true,"href":"https:\/\/theark.ch\/fr\/wp-json\/wp\/v2\/tags?post=43929"}],"curies":[{"name":"wp","href":"https:\/\/api.w.org\/{rel}","templated":true}]}}