{"id":43983,"date":"2020-02-12T15:04:21","date_gmt":"2020-02-12T14:04:21","guid":{"rendered":"http:\/\/theark.ch\/news\/decouvrez-lentreprise-swissfillon-en-video\/"},"modified":"2020-02-12T15:04:21","modified_gmt":"2020-02-12T13:04:21","slug":"decouvrez-lentreprise-swissfillon-en-video","status":"publish","type":"post","link":"https:\/\/theark.ch\/fr\/news\/decouvrez-lentreprise-swissfillon-en-video\/","title":{"rendered":"D\u00e9couvrez l\u2019entreprise Swissfillon en vid\u00e9o !"},"content":{"rendered":"<p><strong>Depuis 15 ans maintenant, la Fondation The Ark met tout en \u0153uvre pour favoriser l\u2019innovation et d\u00e9velopper des synergies entre les diff\u00e9rents acteurs technologiques dans le canton. Pour ce faire, elle a r\u00e9alis\u00e9 de nombreux projets avec des entreprises de la r\u00e9gion, toutes novatrices, dynamiques et actives dans des domaines pointus !<\/strong><\/p>\n<p>Pour (re)d\u00e9couvrir ces fleurons de l\u2019\u00e9conomie valaisanne, nous avons d\u00e9cid\u00e9 de vous les pr\u00e9senter en vid\u00e9o ! Cette semaine, il s\u2019agit de <a href=\"http:\/\/www.swissfillon.com\/\" target=\"_blank\" rel=\"noopener\">Swissfillon<\/a>, une soci\u00e9t\u00e9 de services pharmaceutiques bas\u00e9e \u00e0 Vi\u00e8ge.<\/p>\n<p>Swissfillon s\u2019est donn\u00e9 une mission claire : conditionner des liquides pharmaceutiques complexes, de mani\u00e8re st\u00e9rile, dans diff\u00e9rents contenants. Une activit\u00e9 qui exige la plus grande pr\u00e9cision et une qualit\u00e9 irr\u00e9prochable, comme l\u2019explique Daniel Kehl, CEO de Swissfillon, dans la vid\u00e9o ci-dessous !<\/p>\n<p>\u00a0<\/p>\n<p style=\"text-align: center;\"><iframe loading=\"lazy\" allow=\"autoplay; encrypted-media\" allowfullscreen=\"\" frameborder=\"0\" height=\"315\" src=\"https:\/\/www.youtube.com\/embed\/J1RoUP5B5Ro\" width=\"560\"><\/iframe><\/p>\n<p><strong>Pssst<\/strong> : la semaine prochaine, vous en apprendrez davantage sur <a href=\"https:\/\/www.h55.ch\/\" target=\"_blank\" rel=\"noopener\">H55<\/a>, une solution extraordinaire d\u2019avion \u00e9lectrique \u00ab z\u00e9ro \u00e9mission \u00bb. Restez connect\u00e9s !\u00a0<\/p>\n<p>\u00a0<\/p>\n<p>\u00a0<\/p>\n","protected":false},"excerpt":{"rendered":"<p>Depuis 15 ans maintenant, la Fondation The Ark met tout en \u0153uvre pour favoriser l\u2019innovation et d\u00e9velopper des synergies entre les diff\u00e9rents acteurs technologiques dans le canton. Pour ce faire, elle a r\u00e9alis\u00e9 de nombreux projets avec des entreprises de la r\u00e9gion, toutes novatrices, dynamiques et actives dans des domaines pointus ! Pour (re)d\u00e9couvrir ces [&hellip;]<\/p>\n","protected":false},"author":1,"featured_media":43984,"comment_status":"closed","ping_status":"closed","sticky":false,"template":"","format":"standard","meta":{"_acf_changed":false,"footnotes":""},"categories":[186],"tags":[],"class_list":["post-43983","post","type-post","status-publish","format-standard","has-post-thumbnail","hentry","category-digital"],"acf":[],"_links":{"self":[{"href":"https:\/\/theark.ch\/fr\/wp-json\/wp\/v2\/posts\/43983","targetHints":{"allow":["GET"]}}],"collection":[{"href":"https:\/\/theark.ch\/fr\/wp-json\/wp\/v2\/posts"}],"about":[{"href":"https:\/\/theark.ch\/fr\/wp-json\/wp\/v2\/types\/post"}],"author":[{"embeddable":true,"href":"https:\/\/theark.ch\/fr\/wp-json\/wp\/v2\/users\/1"}],"replies":[{"embeddable":true,"href":"https:\/\/theark.ch\/fr\/wp-json\/wp\/v2\/comments?post=43983"}],"version-history":[{"count":0,"href":"https:\/\/theark.ch\/fr\/wp-json\/wp\/v2\/posts\/43983\/revisions"}],"wp:featuredmedia":[{"embeddable":true,"href":"https:\/\/theark.ch\/fr\/wp-json\/wp\/v2\/media\/43984"}],"wp:attachment":[{"href":"https:\/\/theark.ch\/fr\/wp-json\/wp\/v2\/media?parent=43983"}],"wp:term":[{"taxonomy":"category","embeddable":true,"href":"https:\/\/theark.ch\/fr\/wp-json\/wp\/v2\/categories?post=43983"},{"taxonomy":"post_tag","embeddable":true,"href":"https:\/\/theark.ch\/fr\/wp-json\/wp\/v2\/tags?post=43983"}],"curies":[{"name":"wp","href":"https:\/\/api.w.org\/{rel}","templated":true}]}}