{"id":43991,"date":"2020-02-12T16:09:59","date_gmt":"2020-02-12T15:09:59","guid":{"rendered":"http:\/\/theark.ch\/news\/decouvrez-la-start-up-nivitec-en-video\/"},"modified":"2020-02-12T16:09:59","modified_gmt":"2020-02-12T14:09:59","slug":"decouvrez-la-start-up-nivitec-en-video","status":"publish","type":"post","link":"https:\/\/theark.ch\/fr\/news\/decouvrez-la-start-up-nivitec-en-video\/","title":{"rendered":"D\u00e9couvrez la start-up Nivitec en vid\u00e9o !"},"content":{"rendered":"<p><strong>Depuis 15 ans maintenant, la Fondation The Ark met tout en \u0153uvre pour favoriser l\u2019innovation et d\u00e9velopper des synergies entre les diff\u00e9rents acteurs technologiques dans le canton. Pour ce faire, elle a r\u00e9alis\u00e9 de nombreux projets avec des entreprises de la r\u00e9gion, toutes novatrices, dynamiques et actives dans des domaines pointus !<\/strong><\/p>\n<p>Pour (re)d\u00e9couvrir ces fleurons de l\u2019\u00e9conomie valaisanne, nous avons d\u00e9cid\u00e9 de vous les pr\u00e9senter en vid\u00e9o ! Cette semaine, il s\u2019agit de <a href=\"https:\/\/nivitec.ch\/\" target=\"_blank\" rel=\"noopener\">Nivitec<\/a>, qui d\u00e9veloppe des drones capables de retrouver les personnes emport\u00e9es par une avalanche.<\/p>\n<p>Depuis 2018, Nivitec avance sur son projet de drone autonome. Son objectif final est de r\u00e9duire le temps de recherche des personnes ensevelies sous la neige et ainsi augmenter leurs chances de survie. L\u2019\u00e9quipe de Nivitec (au complet !) vous en apprend davantage sur leur start-up\u00a0dans la vid\u00e9o ci-dessous.<\/p>\n<p>\u00a0<\/p>\n<p>\u00a0<\/p>\n<p style=\"text-align: center;\"><iframe loading=\"lazy\" allow=\"autoplay; encrypted-media\" allowfullscreen=\"\" frameborder=\"0\" height=\"315\" src=\"https:\/\/www.youtube.com\/embed\/w3Tg67arSGY\" width=\"560\"><\/iframe><\/p>\n<p>\u00a0<\/p>\n<p>\u00a0<\/p>\n","protected":false},"excerpt":{"rendered":"<p>Depuis 15 ans maintenant, la Fondation The Ark met tout en \u0153uvre pour favoriser l\u2019innovation et d\u00e9velopper des synergies entre les diff\u00e9rents acteurs technologiques dans le canton. Pour ce faire, elle a r\u00e9alis\u00e9 de nombreux projets avec des entreprises de la r\u00e9gion, toutes novatrices, dynamiques et actives dans des domaines pointus ! Pour (re)d\u00e9couvrir ces [&hellip;]<\/p>\n","protected":false},"author":1,"featured_media":43992,"comment_status":"closed","ping_status":"closed","sticky":false,"template":"","format":"standard","meta":{"_acf_changed":false,"footnotes":""},"categories":[186],"tags":[],"class_list":["post-43991","post","type-post","status-publish","format-standard","has-post-thumbnail","hentry","category-digital"],"acf":[],"_links":{"self":[{"href":"https:\/\/theark.ch\/fr\/wp-json\/wp\/v2\/posts\/43991","targetHints":{"allow":["GET"]}}],"collection":[{"href":"https:\/\/theark.ch\/fr\/wp-json\/wp\/v2\/posts"}],"about":[{"href":"https:\/\/theark.ch\/fr\/wp-json\/wp\/v2\/types\/post"}],"author":[{"embeddable":true,"href":"https:\/\/theark.ch\/fr\/wp-json\/wp\/v2\/users\/1"}],"replies":[{"embeddable":true,"href":"https:\/\/theark.ch\/fr\/wp-json\/wp\/v2\/comments?post=43991"}],"version-history":[{"count":0,"href":"https:\/\/theark.ch\/fr\/wp-json\/wp\/v2\/posts\/43991\/revisions"}],"wp:featuredmedia":[{"embeddable":true,"href":"https:\/\/theark.ch\/fr\/wp-json\/wp\/v2\/media\/43992"}],"wp:attachment":[{"href":"https:\/\/theark.ch\/fr\/wp-json\/wp\/v2\/media?parent=43991"}],"wp:term":[{"taxonomy":"category","embeddable":true,"href":"https:\/\/theark.ch\/fr\/wp-json\/wp\/v2\/categories?post=43991"},{"taxonomy":"post_tag","embeddable":true,"href":"https:\/\/theark.ch\/fr\/wp-json\/wp\/v2\/tags?post=43991"}],"curies":[{"name":"wp","href":"https:\/\/api.w.org\/{rel}","templated":true}]}}