{"id":43995,"date":"2020-02-12T17:21:21","date_gmt":"2020-02-12T16:21:21","guid":{"rendered":"http:\/\/theark.ch\/news\/la-tv-allemande-zdf-intriguee-par-la-technologie-de-la-start-up-valaisanne-recapp\/"},"modified":"2020-02-12T17:21:21","modified_gmt":"2020-02-12T15:21:21","slug":"la-tv-allemande-zdf-intriguee-par-la-technologie-de-la-start-up-valaisanne-recapp","status":"publish","type":"post","link":"https:\/\/theark.ch\/fr\/news\/la-tv-allemande-zdf-intriguee-par-la-technologie-de-la-start-up-valaisanne-recapp\/","title":{"rendered":"La TV allemande ZDF intrigu\u00e9e par la technologie de la start-up valaisanne Recapp"},"content":{"rendered":"<p style=\"text-align: justify;\"><strong>Il y a quelques semaines, la cha\u00eene de t\u00e9l\u00e9vision allemande ZDF s\u2019est rendue \u00e0 Vi\u00e8ge dans les locaux de la start-up valaisanne Recapp. Elle vient de diffuser un reportage, qui d\u00e9taille la technologie de reconnaissance vocale, notamment pour les dialectes al\u00e9maniques.<\/strong><\/p>\n<p style=\"text-align: justify;\">La start-up valaisanne s\u2019est sp\u00e9cialis\u00e9e dans la retranscription de la voix. Elle a cr\u00e9\u00e9 une application qui permet d\u2019enregistrer les r\u00e9unions tout en retranscrivant automatiquement les discours qui ont \u00e9t\u00e9 prononc\u00e9s. Il est m\u00eame disponible sur le site du parlement valaisan. Ainsi, on peut retrouver n\u2019importe quel discours d\u2019un d\u00e9bat parlementaire gr\u00e2ce \u00e0 une recherche par mots-clefs. Ce syst\u00e8me fonctionne en fran\u00e7ais et en allemand. L\u2019application permet \u00e9galement de savoir qui a prononc\u00e9 quelle phrase.<\/p>\n<p style=\"text-align: justify;\"><a href=\"http:\/\/recapp.ch\/fr\/\" target=\"_blank\" rel=\"noopener\">Recapp<\/a> a ensuite pouss\u00e9 le concept plus loin. Elle a con\u00e7u une application qui reconna\u00eet le suisse allemand. Par cons\u00e9quent, les Suisses allemands peuvent d\u00e9sormais faire des requ\u00eates dans leur dialecte aux appareils connect\u00e9s qui utilisent la reconnaissance vocale. \u00c9tant donn\u00e9 que sa prononciation diff\u00e8re d\u2019une r\u00e9gion \u00e0 l\u2019autre, le logiciel est en perp\u00e9tuelle am\u00e9lioration. Cela permet aux helv\u00e8tes germanophones de ne plus avoir \u00e0 parler l\u2019allemand pour pouvoir utiliser la commande vocale de la TV box, et peut-\u00eatre un jour les outils d\u00e9velopp\u00e9s par Apple ou Google. Les assistants linguistiques sont de plus en plus courants. C\u2019est pourquoi, il n\u2019est pas \u00e9tonnant que la grande cha\u00eene allemande se soit int\u00e9ress\u00e9e \u00e0 cette innovation. Une preuve de l\u2019int\u00e9r\u00eat et du potentiel de la start-up haut-valaisanne.\u00a0<\/p>\n<p style=\"text-align: justify;\">\u00a0<\/p>\n<p style=\"text-align: justify;\">Visionnez le reportage <a href=\"http:\/\/www.zdf.de\/nachrichten\/heute-plus\/200203-hplus-gesamt-100.html\" target=\"_blank\" rel=\"noopener\">ici<\/a>.<\/p>\n<p style=\"text-align: justify;\">\u00a0<\/p>\n<p style=\"text-align: justify;\"><strong>Source : <\/strong><a href=\"http:\/\/www.zdf.de\/nachrichten\/heute-plus\/200203-hplus-gesamt-100.html\" target=\"_blank\" rel=\"noopener\">\u00ab Sprachassistenten vs. Dialekt \u00bb<\/a> a \u00e9t\u00e9 diffus\u00e9 le 3 f\u00e9vrier 2020 dans l&#39;\u00e9mission Heute+ sur <a href=\"http:\/\/www.zdf.de\/\" target=\"_blank\" rel=\"noopener\">ZDF<\/a>.<\/p>\n<p style=\"text-align: justify;\">\u00a0<\/p>\n","protected":false},"excerpt":{"rendered":"<p>Il y a quelques semaines, la cha\u00eene de t\u00e9l\u00e9vision allemande ZDF s\u2019est rendue \u00e0 Vi\u00e8ge dans les locaux de la start-up valaisanne Recapp. Elle vient de diffuser un reportage, qui d\u00e9taille la technologie de reconnaissance vocale, notamment pour les dialectes al\u00e9maniques. La start-up valaisanne s\u2019est sp\u00e9cialis\u00e9e dans la retranscription de la voix. Elle a cr\u00e9\u00e9 [&hellip;]<\/p>\n","protected":false},"author":1,"featured_media":43996,"comment_status":"closed","ping_status":"closed","sticky":false,"template":"","format":"standard","meta":{"_acf_changed":false,"footnotes":""},"categories":[186],"tags":[],"class_list":["post-43995","post","type-post","status-publish","format-standard","has-post-thumbnail","hentry","category-digital"],"acf":[],"_links":{"self":[{"href":"https:\/\/theark.ch\/fr\/wp-json\/wp\/v2\/posts\/43995","targetHints":{"allow":["GET"]}}],"collection":[{"href":"https:\/\/theark.ch\/fr\/wp-json\/wp\/v2\/posts"}],"about":[{"href":"https:\/\/theark.ch\/fr\/wp-json\/wp\/v2\/types\/post"}],"author":[{"embeddable":true,"href":"https:\/\/theark.ch\/fr\/wp-json\/wp\/v2\/users\/1"}],"replies":[{"embeddable":true,"href":"https:\/\/theark.ch\/fr\/wp-json\/wp\/v2\/comments?post=43995"}],"version-history":[{"count":0,"href":"https:\/\/theark.ch\/fr\/wp-json\/wp\/v2\/posts\/43995\/revisions"}],"wp:featuredmedia":[{"embeddable":true,"href":"https:\/\/theark.ch\/fr\/wp-json\/wp\/v2\/media\/43996"}],"wp:attachment":[{"href":"https:\/\/theark.ch\/fr\/wp-json\/wp\/v2\/media?parent=43995"}],"wp:term":[{"taxonomy":"category","embeddable":true,"href":"https:\/\/theark.ch\/fr\/wp-json\/wp\/v2\/categories?post=43995"},{"taxonomy":"post_tag","embeddable":true,"href":"https:\/\/theark.ch\/fr\/wp-json\/wp\/v2\/tags?post=43995"}],"curies":[{"name":"wp","href":"https:\/\/api.w.org\/{rel}","templated":true}]}}