{"id":44005,"date":"2020-02-14T15:54:29","date_gmt":"2020-02-14T14:54:29","guid":{"rendered":"http:\/\/theark.ch\/news\/le-magazine-le-point-revient-sur-la-solution-innovante-de-la-pme-valaisanne-calyps\/"},"modified":"2020-02-14T15:54:29","modified_gmt":"2020-02-14T13:54:29","slug":"le-magazine-le-point-revient-sur-la-solution-innovante-de-la-pme-valaisanne-calyps","status":"publish","type":"post","link":"https:\/\/theark.ch\/fr\/news\/le-magazine-le-point-revient-sur-la-solution-innovante-de-la-pme-valaisanne-calyps\/","title":{"rendered":"Le magazine Le Point revient sur la solution innovante de la PME valaisanne Calyps"},"content":{"rendered":"<p style=\"text-align: justify;\"><strong>Le magazine fran\u00e7ais \u00ab Le Point \u00bb vient de consacrer un article \u00e0 la solution d\u2019intelligence artificielle d\u00e9velopp\u00e9e par la PME valaisanne Calyps dans l\u2019H\u00f4pital de Valenciennes. Cet outil innovant permet une meilleure organisation des urgences. Ainsi, le personnel soignant du centre hospitalier peut avoir un aper\u00e7u des flux des patients jusqu\u2019\u00e0 sept jours \u00e0 l\u2019avance. Une belle mise en valeur du savoir-faire valaisan ! \u00a0<\/strong><\/p>\n<p style=\"text-align: justify;\">En une dizaine d\u2019ann\u00e9es, les urgences de Valenciennes ont constat\u00e9 une augmentation d\u2019affluence de 64%. Cette croissance induisait des tensions et du stress. Pour contrer cette situation et \u00e9viter une d\u00e9gradation de la qualit\u00e9 des soins, l\u2019h\u00f4pital de Valenciennes s\u2019est dot\u00e9 r\u00e9cemment du logiciel CALAI de Calyps.\u00a0<\/p>\n<p style=\"text-align: justify;\"><a href=\"https:\/\/www.calyps.ch\/\" target=\"_blank\" rel=\"noopener\">Calyps<\/a> a d\u00e9velopp\u00e9 un outil de planification pour les centres m\u00e9dicaux. L\u2019entreprise valaisanne, soutenue par The Ark, a utilis\u00e9 la r\u00e9colte de donn\u00e9es anonymis\u00e9es pour cr\u00e9er un algorithme qui permet de pr\u00e9voir l\u2019affluence aux urgences de Valenciennes. Pour l\u2019estimer, le logiciel a corr\u00e9l\u00e9 les s\u00e9jours des patients avec divers facteurs tels que la m\u00e9t\u00e9o, les \u00e9v\u00e8nements, le trafic. L\u2019outil de planification anticipe les flux en se basant sur la programmation des corr\u00e9lations. Il peut pr\u00e9dire jusqu\u2019\u00e0 sept jours d\u2019affluence.<\/p>\n<p>\u00a0<\/p>\n<p style=\"text-align: justify;\"><strong>Grande satisfaction \u00e0 Valenciennes<\/strong><\/p>\n<p>Le centre hospitalier de Valenciennes est plus que satisfait de CALAI. En effet, les responsables peuvent avoir une vue d\u2019ensemble de la semaine \u00e0 venir. Ainsi, ils peuvent estimer le personnel, les m\u00e9dicaments, les lits et m\u00eame les hospitalisations qu\u2019il faut pr\u00e9voir. Le plus incroyable est la pr\u00e9cision du logiciel. En effet, selon <a href=\"https:\/\/www.lepoint.fr\/\" target=\"_blank\" rel=\"noopener\">Le Point<\/a>, il permet de connaitre l\u2019affluence \u00e0 l\u2019heure : \u00ab le logiciel indique le nombre de patients entrant, sortant et pr\u00e9sents dans le service, avec un degr\u00e9 de pr\u00e9cision \u00e0 l&#39;heure pr\u00e8s et un taux de fiabilit\u00e9 sup\u00e9rieur \u00e0 90 % \u00bb. Il est \u00e9galement possible de connaitre certaines caract\u00e9ristiques des futurs patients : \u00ab On attend aujourd&#39;hui 215 patients, dont 37 de plus de 75 ans \u00bb pr\u00e9cise Antoine Maisonneuve, chef de service des urgences de l\u2019h\u00f4pital de Valenciennes.<\/p>\n<p style=\"text-align: justify;\">L\u2019am\u00e9lioration de CALAI se fait constamment. L\u2019un des prochains objectifs est de pr\u00e9voir la dur\u00e9e des hospitalisations. Pour cela, il faut \u00e9galement tenir compte d\u2019autres facteurs plus personnels comme par exemple l\u2019\u00e2ge, le sexe et le diagnostic du m\u00e9decin. Pour 2020, les urgences comptent fournir le logiciel de planification aux b\u00e2timents m\u00e9dicaux avec lesquels elles collaborent.\u00a0<\/p>\n<p style=\"text-align: justify;\">\u00a0<\/p>\n<p>Lire l\u2019article complet en suivant ce <a href=\"https:\/\/www.lepoint.fr\/societe\/aux-urgences-de-valenciennes-l-intelligence-artificielle-predit-le-flux-de-patients-07-02-2020-2361669_23.php\" target=\"_blank\" rel=\"noopener\">lien<\/a>.<\/p>\n<p>\u00a0<\/p>\n<p><strong>Source :<\/strong> Le Point<\/p>\n<p>\u00a0<\/p>\n","protected":false},"excerpt":{"rendered":"<p>Le magazine fran\u00e7ais \u00ab Le Point \u00bb vient de consacrer un article \u00e0 la solution d\u2019intelligence artificielle d\u00e9velopp\u00e9e par la PME valaisanne Calyps dans l\u2019H\u00f4pital de Valenciennes. Cet outil innovant permet une meilleure organisation des urgences. Ainsi, le personnel soignant du centre hospitalier peut avoir un aper\u00e7u des flux des patients jusqu\u2019\u00e0 sept jours \u00e0 [&hellip;]<\/p>\n","protected":false},"author":1,"featured_media":44006,"comment_status":"closed","ping_status":"closed","sticky":false,"template":"","format":"standard","meta":{"_acf_changed":false,"footnotes":""},"categories":[186],"tags":[],"class_list":["post-44005","post","type-post","status-publish","format-standard","has-post-thumbnail","hentry","category-digital"],"acf":[],"_links":{"self":[{"href":"https:\/\/theark.ch\/fr\/wp-json\/wp\/v2\/posts\/44005","targetHints":{"allow":["GET"]}}],"collection":[{"href":"https:\/\/theark.ch\/fr\/wp-json\/wp\/v2\/posts"}],"about":[{"href":"https:\/\/theark.ch\/fr\/wp-json\/wp\/v2\/types\/post"}],"author":[{"embeddable":true,"href":"https:\/\/theark.ch\/fr\/wp-json\/wp\/v2\/users\/1"}],"replies":[{"embeddable":true,"href":"https:\/\/theark.ch\/fr\/wp-json\/wp\/v2\/comments?post=44005"}],"version-history":[{"count":0,"href":"https:\/\/theark.ch\/fr\/wp-json\/wp\/v2\/posts\/44005\/revisions"}],"wp:featuredmedia":[{"embeddable":true,"href":"https:\/\/theark.ch\/fr\/wp-json\/wp\/v2\/media\/44006"}],"wp:attachment":[{"href":"https:\/\/theark.ch\/fr\/wp-json\/wp\/v2\/media?parent=44005"}],"wp:term":[{"taxonomy":"category","embeddable":true,"href":"https:\/\/theark.ch\/fr\/wp-json\/wp\/v2\/categories?post=44005"},{"taxonomy":"post_tag","embeddable":true,"href":"https:\/\/theark.ch\/fr\/wp-json\/wp\/v2\/tags?post=44005"}],"curies":[{"name":"wp","href":"https:\/\/api.w.org\/{rel}","templated":true}]}}