{"id":44035,"date":"2020-02-20T09:18:39","date_gmt":"2020-02-20T08:18:39","guid":{"rendered":"http:\/\/theark.ch\/news\/decouvrez-la-start-up-vima-en-video\/"},"modified":"2020-02-20T09:18:39","modified_gmt":"2020-02-20T07:18:39","slug":"decouvrez-la-start-up-vima-en-video","status":"publish","type":"post","link":"https:\/\/theark.ch\/fr\/news\/decouvrez-la-start-up-vima-en-video\/","title":{"rendered":"D\u00e9couvrez la start-up Vima en vid\u00e9o !"},"content":{"rendered":"<p><strong>Depuis 15 ans maintenant, la Fondation The Ark met tout en \u0153uvre pour favoriser l\u2019innovation et d\u00e9velopper des synergies entre les diff\u00e9rents acteurs technologiques dans le canton. Pour ce faire, elle a r\u00e9alis\u00e9 de nombreux projets avec des entreprises de la r\u00e9gion, toutes novatrices, dynamiques et actives dans des domaines pointus !<\/strong><\/p>\n<p>Pour (re)d\u00e9couvrir ces fleurons de l\u2019\u00e9conomie valaisanne, nous avons d\u00e9cid\u00e9 de vous les pr\u00e9senter en vid\u00e9o ! Cette semaine, il s\u2019agit de <a href=\"https:\/\/vima.swiss\/\" target=\"_blank\" rel=\"noopener\">Vima<\/a>, une jeune pousse qui utilise l\u2019intelligence artificielle dans l\u2019analyse de CV vid\u00e9os !<\/p>\n<p>Vima combine psychologie, intelligence artificielle, vision par ordinateur et analyse vocale. Ces quatre disciplines mises\u00a0ensemble permettent de mesurer les qualit\u00e9s interpersonnelles d\u2019une personne \u00e0 partir d\u2019une vid\u00e9o CV. Un soutien non n\u00e9gligeable dans le domaine du recrutement !<\/p>\n<p>\u00a0<\/p>\n<p>\u00a0<\/p>\n<p style=\"text-align: center;\"><iframe loading=\"lazy\" allow=\"autoplay; encrypted-media\" allowfullscreen=\"\" frameborder=\"0\" height=\"315\" src=\"https:\/\/www.youtube.com\/embed\/xZ7htPJBCNY\" width=\"560\"><\/iframe><\/p>\n<p>\u00a0<\/p>\n<p>C\u2019est d\u00e9j\u00e0 la derni\u00e8re vid\u00e9o de cette s\u00e9rie sur les entreprises innovantes de la r\u00e9gion. De nouvelles news vid\u00e9o suivront, restez connect\u00e9s !<\/p>\n<p>\u00a0<\/p>\n<p>\u00a0<\/p>\n","protected":false},"excerpt":{"rendered":"<p>Depuis 15 ans maintenant, la Fondation The Ark met tout en \u0153uvre pour favoriser l\u2019innovation et d\u00e9velopper des synergies entre les diff\u00e9rents acteurs technologiques dans le canton. Pour ce faire, elle a r\u00e9alis\u00e9 de nombreux projets avec des entreprises de la r\u00e9gion, toutes novatrices, dynamiques et actives dans des domaines pointus ! Pour (re)d\u00e9couvrir ces [&hellip;]<\/p>\n","protected":false},"author":1,"featured_media":44036,"comment_status":"closed","ping_status":"closed","sticky":false,"template":"","format":"standard","meta":{"_acf_changed":false,"footnotes":""},"categories":[186],"tags":[],"class_list":["post-44035","post","type-post","status-publish","format-standard","has-post-thumbnail","hentry","category-digital"],"acf":[],"_links":{"self":[{"href":"https:\/\/theark.ch\/fr\/wp-json\/wp\/v2\/posts\/44035","targetHints":{"allow":["GET"]}}],"collection":[{"href":"https:\/\/theark.ch\/fr\/wp-json\/wp\/v2\/posts"}],"about":[{"href":"https:\/\/theark.ch\/fr\/wp-json\/wp\/v2\/types\/post"}],"author":[{"embeddable":true,"href":"https:\/\/theark.ch\/fr\/wp-json\/wp\/v2\/users\/1"}],"replies":[{"embeddable":true,"href":"https:\/\/theark.ch\/fr\/wp-json\/wp\/v2\/comments?post=44035"}],"version-history":[{"count":0,"href":"https:\/\/theark.ch\/fr\/wp-json\/wp\/v2\/posts\/44035\/revisions"}],"wp:featuredmedia":[{"embeddable":true,"href":"https:\/\/theark.ch\/fr\/wp-json\/wp\/v2\/media\/44036"}],"wp:attachment":[{"href":"https:\/\/theark.ch\/fr\/wp-json\/wp\/v2\/media?parent=44035"}],"wp:term":[{"taxonomy":"category","embeddable":true,"href":"https:\/\/theark.ch\/fr\/wp-json\/wp\/v2\/categories?post=44035"},{"taxonomy":"post_tag","embeddable":true,"href":"https:\/\/theark.ch\/fr\/wp-json\/wp\/v2\/tags?post=44035"}],"curies":[{"name":"wp","href":"https:\/\/api.w.org\/{rel}","templated":true}]}}