{"id":44057,"date":"2020-03-03T11:53:16","date_gmt":"2020-03-03T10:53:16","guid":{"rendered":"http:\/\/theark.ch\/news\/plus-que-10-jours-pour-postuler-au-prix-createurs-bcvs\/"},"modified":"2020-03-03T11:53:16","modified_gmt":"2020-03-03T09:53:16","slug":"plus-que-10-jours-pour-postuler-au-prix-createurs-bcvs","status":"publish","type":"post","link":"https:\/\/theark.ch\/fr\/news\/plus-que-10-jours-pour-postuler-au-prix-createurs-bcvs\/","title":{"rendered":"Plus que 10 jours pour postuler au Prix Cr\u00e9ateurs BCVs"},"content":{"rendered":"<p style=\"text-align: justify;\"><strong>Le d\u00e9lai pour d\u00e9poser votre candidature au Prix Cr\u00e9ateurs BCVs 2020 touche \u00e0 sa fin. En effet, il est encore possible d\u2019envoyer les dossiers d\u2019inscription d\u2019ici au 16 mars. Trois grandes nouveaut\u00e9s attendent les participants de cette 11e \u00e9dition ! Le d\u00e9roulement du concours a \u00e9t\u00e9 revisit\u00e9. Il y aura cinq finalistes \u00e0 la place de trois et il y aura \u00e9galement deux gagnants, dont un nouveau prix \u00ab coup de c\u0153ur \u00bb.<\/strong><\/p>\n<p style=\"text-align: justify;\">Le <a href=\"https:\/\/www.prixcreateurbcvs.ch\/fr\/\" target=\"_blank\" rel=\"noopener\">Prix Cr\u00e9ateurs BCVs<\/a>, initi\u00e9 en 2007, a pour objectif de r\u00e9compenser les projets innovants et cr\u00e9atifs valaisans et ainsi d\u00e9velopper l\u2019esprit et la cr\u00e9ativit\u00e9 entrepreneuriaux. Le\u00a0gagnant\u00a0recevra le 9 juin 2020 au CERM de Martigny CHF 10&#39;000.- en cash et CHF 15&#39;000.- en coaching. Cette ann\u00e9e, parmi les cinq finalistes, un projet \u00ab coup de c\u0153ur des anciens finalistes \u00bb sera r\u00e9compens\u00e9 avec CHF 5&#39;000.- en cash. Ces changements ont pour but de promouvoir un plus grand nombre de projets novateurs.<\/p>\n<p style=\"text-align: justify;\">Le concours est destin\u00e9 aux individus et aux entreprises domicili\u00e9s en Valais, peu importe le domaine d\u2019application. Donc, si vous avez un projet innovant que vous pensez mettre en place d\u2019ici \u00e0 l\u2019ann\u00e9e prochaine, pr\u00e9parez votre candidature et d\u00e9posez-l\u00e0 avant le 16 mars !<\/p>\n<p style=\"text-align: justify;\">Les conditions et le r\u00e8glement du concours sont disponibles <a href=\"http:\/\/www.prixcreateurbcvs.ch\/fr\/page_simple\/candidature-36\" target=\"_blank\" rel=\"noopener\">ici<\/a>.<\/p>\n<p style=\"text-align: justify;\">\u00a0<\/p>\n","protected":false},"excerpt":{"rendered":"<p>Le d\u00e9lai pour d\u00e9poser votre candidature au Prix Cr\u00e9ateurs BCVs 2020 touche \u00e0 sa fin. En effet, il est encore possible d\u2019envoyer les dossiers d\u2019inscription d\u2019ici au 16 mars. Trois grandes nouveaut\u00e9s attendent les participants de cette 11e \u00e9dition ! Le d\u00e9roulement du concours a \u00e9t\u00e9 revisit\u00e9. Il y aura cinq finalistes \u00e0 la place [&hellip;]<\/p>\n","protected":false},"author":1,"featured_media":44058,"comment_status":"closed","ping_status":"closed","sticky":false,"template":"","format":"standard","meta":{"_acf_changed":false,"footnotes":""},"categories":[186],"tags":[],"class_list":["post-44057","post","type-post","status-publish","format-standard","has-post-thumbnail","hentry","category-digital"],"acf":[],"_links":{"self":[{"href":"https:\/\/theark.ch\/fr\/wp-json\/wp\/v2\/posts\/44057","targetHints":{"allow":["GET"]}}],"collection":[{"href":"https:\/\/theark.ch\/fr\/wp-json\/wp\/v2\/posts"}],"about":[{"href":"https:\/\/theark.ch\/fr\/wp-json\/wp\/v2\/types\/post"}],"author":[{"embeddable":true,"href":"https:\/\/theark.ch\/fr\/wp-json\/wp\/v2\/users\/1"}],"replies":[{"embeddable":true,"href":"https:\/\/theark.ch\/fr\/wp-json\/wp\/v2\/comments?post=44057"}],"version-history":[{"count":0,"href":"https:\/\/theark.ch\/fr\/wp-json\/wp\/v2\/posts\/44057\/revisions"}],"wp:featuredmedia":[{"embeddable":true,"href":"https:\/\/theark.ch\/fr\/wp-json\/wp\/v2\/media\/44058"}],"wp:attachment":[{"href":"https:\/\/theark.ch\/fr\/wp-json\/wp\/v2\/media?parent=44057"}],"wp:term":[{"taxonomy":"category","embeddable":true,"href":"https:\/\/theark.ch\/fr\/wp-json\/wp\/v2\/categories?post=44057"},{"taxonomy":"post_tag","embeddable":true,"href":"https:\/\/theark.ch\/fr\/wp-json\/wp\/v2\/tags?post=44057"}],"curies":[{"name":"wp","href":"https:\/\/api.w.org\/{rel}","templated":true}]}}