{"id":44119,"date":"2020-03-30T17:14:08","date_gmt":"2020-03-30T15:14:08","guid":{"rendered":"http:\/\/theark.ch\/news\/remise-du-prix-createurs-bcvs-reportee-et-delai-de-candidature-prolonge\/"},"modified":"2020-03-30T17:14:08","modified_gmt":"2020-03-30T15:14:08","slug":"remise-du-prix-createurs-bcvs-reportee-et-delai-de-candidature-prolonge","status":"publish","type":"post","link":"https:\/\/theark.ch\/fr\/news\/remise-du-prix-createurs-bcvs-reportee-et-delai-de-candidature-prolonge\/","title":{"rendered":"Remise du Prix Cr\u00e9ateurs BCVs report\u00e9e et d\u00e9lai de candidature prolong\u00e9\u2009!"},"content":{"rendered":"<p style=\"text-align: justify;\"><strong>En raison de la pand\u00e9mie de coronavirus, la remise des prix du 11e Prix Cr\u00e9ateurs BCVs, initialement pr\u00e9vue le 9 juin prochain, est repouss\u00e9e au mercredi 18 novembre 2020. La c\u00e9r\u00e9monie devait accueillir pr\u00e8s de 800 personnes. En cons\u00e9quence, l\u2019appel \u00e0 projets, qui s\u2019est termin\u00e9 le 16 mars dernier, est prolong\u00e9 jusqu\u2019au 16 mai 2020. Les porteurs d\u2019id\u00e9es innovantes ont donc deux mois suppl\u00e9mentaires pour d\u00e9poser ou affiner leur dossier. Pas moins de 69 candidats se sont d\u00e9j\u00e0 annonc\u00e9s (contre 60 en 2019), signe du dynamisme de l\u2019\u00e9conomie valaisanne, actuellement mise \u00e0 mal par la crise en cours.\u00a0<\/strong><\/p>\n<p style=\"text-align: justify;\">Pour rappel, le <a href=\"https:\/\/www.prixcreateurbcvs.ch\/fr\/\" target=\"_blank\" rel=\"noopener\">Prix Cr\u00e9ateurs BCVs<\/a>, qui vit sa 11e \u00e9dition, a pour vocation de promouvoir et r\u00e9compenser les projets d\u00e9velopp\u00e9s par les particuliers, les PME et les start-up. Il mettra en valeur, gr\u00e2ce aux m\u00e9dias partenaires, cinq finalistes et deux laur\u00e9ats. Ceux-ci seront pr\u00e9sent\u00e9s le 18 novembre au CERM de Martigny lors d\u2019une soir\u00e9e de gala.\u00a0<\/p>\n<p style=\"text-align: justify;\">Le vainqueur repartira avec CHF 10&#39;000.- en cash et CHF 15&#39;000.- en coaching. Le laur\u00e9at du nouveau \u00ab\u2009Coup de c\u0153ur des anciens finalistes\u2009\u00bb remportera quant \u00e0 lui CHF 5&#39;000.- en cash. Les cinq finalistes 2020 seront annonc\u00e9s \u00e0 fin ao\u00fbt 2020, apr\u00e8s avoir \u00e9t\u00e9 s\u00e9lectionn\u00e9s par le Jury. C\u2019est ensuite le public qui d\u00e9partagera les cinq finalistes, apr\u00e8s un vote par SMS et internet.\u00a0<\/p>\n<p style=\"text-align: justify;\">\u00a0<\/p>\n<p style=\"text-align: justify;\"><strong>D\u00e9lai de postulation prolong\u00e9 au 16 mai 2020<\/strong><\/p>\n<p>Compte tenu du report de la soir\u00e9e de gala, la proc\u00e9dure de candidature a \u00e9t\u00e9 prolong\u00e9e jusqu\u2019au 16 mai 2020. Les 69 individus ou entreprises qui ont d\u00e9j\u00e0 postul\u00e9 pourront profiter de ce d\u00e9lai pour actualiser ou compl\u00e9ter, au besoin, leur dossier. De nouvelles id\u00e9es peuvent \u00e9galement \u00eatre soumises durant ce laps de temps.\u00a0<\/p>\n<p style=\"text-align: justify;\">Pour rappel, la participation est ouverte aux projets port\u00e9s par des individus ou des soci\u00e9t\u00e9s du Valais et dont la mise en \u0153uvre est pr\u00e9vue dans l\u2019ann\u00e9e qui suit. Les entreprises existantes peuvent \u00e9galement concourir, pour autant qu\u2019elles proposent une nouvelle id\u00e9e de produit ou service. Les projets doivent \u00eatre avant tout innovants et cr\u00e9atifs\u2009! La participation est possible via le <a href=\"https:\/\/www.prixcreateurbcvs.ch\/fr\/\" target=\"_blank\" rel=\"noopener\">site internet<\/a>.\u00a0<\/p>\n<p style=\"text-align: justify;\">La <a href=\"https:\/\/www.bcvs.ch\/fr\/accueil.html\" target=\"_blank\" rel=\"noopener\">Banque Cantonale du Valais<\/a> est partenaire et initiatrice du Prix Cr\u00e9ateurs BCVs. De par sa place pr\u00e9pond\u00e9rante dans l\u2019\u00e9conomie valaisanne, elle joue un r\u00f4le moteur dans le partenariat avec les entreprises et ses cr\u00e9ateurs. Business Valais est l\u2019entit\u00e9 de promotion \u00e9conomique du canton du Valais au service de l\u2019entrepreneuriat. Partenaire incontournable de l\u2019\u00e9conomie valaisanne, notamment dans le domaine de la cr\u00e9ation de nouvelles entreprises, il co-organise le prix.<\/p>\n<p>\u00a0<\/p>\n<p><strong>Source :<\/strong> communiqu\u00e9 de presse Prix Cr\u00e9ateurs BCVs<\/p>\n<p>\u00a0<\/p>\n","protected":false},"excerpt":{"rendered":"<p>En raison de la pand\u00e9mie de coronavirus, la remise des prix du 11e Prix Cr\u00e9ateurs BCVs, initialement pr\u00e9vue le 9 juin prochain, est repouss\u00e9e au mercredi 18 novembre 2020. La c\u00e9r\u00e9monie devait accueillir pr\u00e8s de 800 personnes. En cons\u00e9quence, l\u2019appel \u00e0 projets, qui s\u2019est termin\u00e9 le 16 mars dernier, est prolong\u00e9 jusqu\u2019au 16 mai 2020. [&hellip;]<\/p>\n","protected":false},"author":1,"featured_media":44120,"comment_status":"closed","ping_status":"closed","sticky":false,"template":"","format":"standard","meta":{"_acf_changed":false,"footnotes":""},"categories":[186],"tags":[],"class_list":["post-44119","post","type-post","status-publish","format-standard","has-post-thumbnail","hentry","category-digital"],"acf":[],"_links":{"self":[{"href":"https:\/\/theark.ch\/fr\/wp-json\/wp\/v2\/posts\/44119","targetHints":{"allow":["GET"]}}],"collection":[{"href":"https:\/\/theark.ch\/fr\/wp-json\/wp\/v2\/posts"}],"about":[{"href":"https:\/\/theark.ch\/fr\/wp-json\/wp\/v2\/types\/post"}],"author":[{"embeddable":true,"href":"https:\/\/theark.ch\/fr\/wp-json\/wp\/v2\/users\/1"}],"replies":[{"embeddable":true,"href":"https:\/\/theark.ch\/fr\/wp-json\/wp\/v2\/comments?post=44119"}],"version-history":[{"count":0,"href":"https:\/\/theark.ch\/fr\/wp-json\/wp\/v2\/posts\/44119\/revisions"}],"wp:featuredmedia":[{"embeddable":true,"href":"https:\/\/theark.ch\/fr\/wp-json\/wp\/v2\/media\/44120"}],"wp:attachment":[{"href":"https:\/\/theark.ch\/fr\/wp-json\/wp\/v2\/media?parent=44119"}],"wp:term":[{"taxonomy":"category","embeddable":true,"href":"https:\/\/theark.ch\/fr\/wp-json\/wp\/v2\/categories?post=44119"},{"taxonomy":"post_tag","embeddable":true,"href":"https:\/\/theark.ch\/fr\/wp-json\/wp\/v2\/tags?post=44119"}],"curies":[{"name":"wp","href":"https:\/\/api.w.org\/{rel}","templated":true}]}}