{"id":44133,"date":"2020-04-02T12:11:02","date_gmt":"2020-04-02T10:11:02","guid":{"rendered":"http:\/\/theark.ch\/news\/pme-7-conseils-pour-ameliorer-votre-digitalisation-et-etre-au-taquet-pour-la-reprise\/"},"modified":"2020-04-02T12:11:02","modified_gmt":"2020-04-02T10:11:02","slug":"pme-7-conseils-pour-ameliorer-votre-digitalisation-et-etre-au-taquet-pour-la-reprise","status":"publish","type":"post","link":"https:\/\/theark.ch\/fr\/news\/pme-7-conseils-pour-ameliorer-votre-digitalisation-et-etre-au-taquet-pour-la-reprise\/","title":{"rendered":"PME : 7 conseils pour am\u00e9liorer votre digitalisation et \u00eatre au taquet pour la reprise !"},"content":{"rendered":"<p style=\"text-align: justify;\"><strong>Depuis quelques semaines, l\u2019\u00e9conomie tourne au ralenti et beaucoup d\u2019entreprises ont d\u00fb fermer leurs portes. Cette p\u00e9riode, moins fr\u00e9n\u00e9tique pour certaines professions, est l\u2019occasion d\u2019am\u00e9liorer la digitalisation de son entreprise, et ainsi pr\u00e9parer au mieux la reprise. Telle est la conviction de Didier Gabioud, directeur de <a href=\"https:\/\/www.netvetic.ch\/\" target=\"_blank\" rel=\"noopener\">Netvetic<\/a>, une entreprise bas\u00e9e \u00e0 Martigny et sp\u00e9cialis\u00e9e dans la communication digitale. Ce dernier livre sept activit\u00e9s pratiques \u00e0 r\u00e9aliser pour am\u00e9liorer le niveau de digitalisation des PME.\u00a0<\/strong><\/p>\n<p style=\"text-align: justify;\">\u00ab Cette p\u00e9riode est propice \u00e0 la mise en place d\u2019outils de communication digitale. Les canaux num\u00e9riques sont indispensables pour entretenir la relation avec vos clients \u00bb, rappelle Didier Gabioud.\u00a0<\/p>\n<p style=\"text-align: justify;\">La premi\u00e8re piste de d\u00e9veloppement est en lien avec le site internet. \u00ab C\u2019est le moment ou jamais de faire une refonte de votre site internet, notamment en le rendant visionnable sur smartphone \u00bb. Des outils simples et intuitifs existent sur le march\u00e9. Il est \u00e9galement possible de mandater une agence sp\u00e9cialis\u00e9e et de pr\u00e9parer votre demande d\u2019offre. \u00ab Il faut entre un et trois mois pour la cr\u00e9ation d\u2019un site vitrine professionnel \u00bb, pr\u00e9cise Didier Gabioud. La p\u00e9riode actuelle est, quoi qu\u2019il en soit, propice \u00e0 r\u00e9unir et pr\u00e9parer diff\u00e9rents documents (brochures, fiches produits, t\u00e9moignages clients, photos de vos produits, traductions\u2026).\u00a0<\/p>\n<p style=\"text-align: justify;\">\u00a0<\/p>\n<p style=\"text-align: justify;\"><strong>Cr\u00e9er un blog et des annonces Google<\/strong><\/p>\n<p>La seconde piste pourrait \u00eatre de cr\u00e9er un blog. \u00ab Il s\u2019agit du meilleur instrument digital pour am\u00e9liorer votre r\u00e9f\u00e9rencement sur les moteurs de recherche et attirer des prospects sur votre site \u00bb. Le calme actuel pourrait \u00eatre propice \u00e0 l\u2019\u00e9criture, et ainsi proposer des contenus utiles pour les clients (trucs et astuces en lien avec votre m\u00e9tier, \u00e9tudes de cas, statistiques, tutoriels\u2026).\u00a0<\/p>\n<p style=\"text-align: justify;\">\u00ab En cette p\u00e9riode d\u2019incertitude, de nombreuses soci\u00e9t\u00e9s ont stopp\u00e9 net leurs campagnes publicitaires sur Google Ads \u00bb, regrette Didier Gabioud. Selon lui, ce n\u2019est pas judicieux car les PME laissent ainsi le champ libre \u00e0 la concurrence. Or, la diminution du nombre d\u2019annonceurs a aussi pour effet de r\u00e9duire le co\u00fbt par clic des liens sponsoris\u00e9s. Il s\u2019agit donc d\u2019en profiter et de poursuivre ou m\u00eame cr\u00e9er des campagnes.\u00a0<\/p>\n<p style=\"text-align: justify;\">\u00a0<\/p>\n<p style=\"text-align: justify;\"><strong>Renforcer sa pr\u00e9sence sur les r\u00e9seaux sociaux<\/strong><\/p>\n<p>Avec le temps \u00e0 disposition, il pourrait \u00eatre utile de renforcer ou tout simplement r\u00e9f\u00e9rencer votre PME sur Facebook, LinkedIn et Instagram. \u00ab Profitez de cette p\u00e9riode pour cr\u00e9er vos pages professionnelles et commencez \u00e0 d\u00e9velopper votre r\u00e9seau en invitant vos connaissances et clients \u00e0 vous suivre \u00bb, note Didier Gabioud.\u00a0<\/p>\n<p style=\"text-align: justify;\">L\u2019expert recommande \u00e9galement de peaufiner la page Google My Business de votre entreprise. \u00ab En pratique, il s\u2019agit de la fiche d\u2019information de votre entreprise qui appara\u00eet dans les r\u00e9sultats du moteur de recherche ainsi que sur Google Maps \u00bb.\u00a0<\/p>\n<p>\u00a0<\/p>\n<p style=\"text-align: justify;\"><strong>E-mailing et sondage clients<\/strong><\/p>\n<p>C\u2019est l\u2019occasion \u00e9galement de cr\u00e9er une campagne e-mailing. \u00ab Il s\u2019agit de l\u2019outil id\u00e9al pour fid\u00e9liser vos clients et entretenir avec eux une relation personnalis\u00e9e et privil\u00e9gi\u00e9e \u00bb. Enfin, cette p\u00e9riode qui incite \u00e0 la r\u00e9flexion est aussi parfaite pour collecter des avis et sonder votre client\u00e8le. \u00ab Proposez-leur de r\u00e9pondre \u00e0 une \u00e9tude de march\u00e9 ou une enqu\u00eate de satisfaction qui vous permettront d\u2019am\u00e9liorer vos produits et vos services pour plus tard \u00bb, conclut Didier Gabioud.<\/p>\n<p style=\"text-align: justify;\">L\u2019ensemble des conseils et outils est \u00e0 retrouver sur le <a href=\"https:\/\/www.netvetic.ch\/7-idees-pour-digitaliser-votre-entreprise\/\" target=\"_blank\" rel=\"noopener\">blog de Netvetic<\/a>.\u00a0<\/p>\n<p>\u00a0<\/p>\n<p><strong>Source : <\/strong>Netvetic<\/p>\n<p>\u00a0<\/p>\n","protected":false},"excerpt":{"rendered":"<p>Depuis quelques semaines, l\u2019\u00e9conomie tourne au ralenti et beaucoup d\u2019entreprises ont d\u00fb fermer leurs portes. Cette p\u00e9riode, moins fr\u00e9n\u00e9tique pour certaines professions, est l\u2019occasion d\u2019am\u00e9liorer la digitalisation de son entreprise, et ainsi pr\u00e9parer au mieux la reprise. Telle est la conviction de Didier Gabioud, directeur de Netvetic, une entreprise bas\u00e9e \u00e0 Martigny et sp\u00e9cialis\u00e9e dans [&hellip;]<\/p>\n","protected":false},"author":1,"featured_media":44134,"comment_status":"closed","ping_status":"closed","sticky":false,"template":"","format":"standard","meta":{"_acf_changed":false,"footnotes":""},"categories":[186],"tags":[],"class_list":["post-44133","post","type-post","status-publish","format-standard","has-post-thumbnail","hentry","category-digital"],"acf":[],"_links":{"self":[{"href":"https:\/\/theark.ch\/fr\/wp-json\/wp\/v2\/posts\/44133","targetHints":{"allow":["GET"]}}],"collection":[{"href":"https:\/\/theark.ch\/fr\/wp-json\/wp\/v2\/posts"}],"about":[{"href":"https:\/\/theark.ch\/fr\/wp-json\/wp\/v2\/types\/post"}],"author":[{"embeddable":true,"href":"https:\/\/theark.ch\/fr\/wp-json\/wp\/v2\/users\/1"}],"replies":[{"embeddable":true,"href":"https:\/\/theark.ch\/fr\/wp-json\/wp\/v2\/comments?post=44133"}],"version-history":[{"count":0,"href":"https:\/\/theark.ch\/fr\/wp-json\/wp\/v2\/posts\/44133\/revisions"}],"wp:featuredmedia":[{"embeddable":true,"href":"https:\/\/theark.ch\/fr\/wp-json\/wp\/v2\/media\/44134"}],"wp:attachment":[{"href":"https:\/\/theark.ch\/fr\/wp-json\/wp\/v2\/media?parent=44133"}],"wp:term":[{"taxonomy":"category","embeddable":true,"href":"https:\/\/theark.ch\/fr\/wp-json\/wp\/v2\/categories?post=44133"},{"taxonomy":"post_tag","embeddable":true,"href":"https:\/\/theark.ch\/fr\/wp-json\/wp\/v2\/tags?post=44133"}],"curies":[{"name":"wp","href":"https:\/\/api.w.org\/{rel}","templated":true}]}}