{"id":44175,"date":"2020-04-17T16:57:09","date_gmt":"2020-04-17T14:57:09","guid":{"rendered":"http:\/\/theark.ch\/news\/commerces-une-solution-made-in-valais-pour-les-ventes-en-ligne\/"},"modified":"2020-04-17T16:57:09","modified_gmt":"2020-04-17T14:57:09","slug":"commerces-une-solution-made-in-valais-pour-les-ventes-en-ligne","status":"publish","type":"post","link":"https:\/\/theark.ch\/fr\/news\/commerces-une-solution-made-in-valais-pour-les-ventes-en-ligne\/","title":{"rendered":"Commerces : une solution \u00ab\u2009made in Valais\u2009\u00bb pour les ventes en ligne !"},"content":{"rendered":"<p style=\"text-align: justify;\"><strong>Proxishop\u2009: c\u2019est le nom du nouveau service digital mis en place par l\u2019entreprise DayOneFactory, bas\u00e9e \u00e0 Sion. Cette solution cl\u00e9 en main permet de cr\u00e9er rapidement un shop de vente en ligne pour les commerces de proximit\u00e9, tout en leur offrant une pr\u00e9sence dans un centre commercial digital. Une id\u00e9e int\u00e9ressante en cette p\u00e9riode de semi-confinement, qui permet aussi, \u00e0 terme, une meilleure digitalisation de l\u2019\u00e9conomie valaisanne. Il s\u2019agit \u00e9galement d\u2019un bon exemple de transformation d\u2019une crise en opportunit\u00e9\u2009!\u00a0<\/strong><\/p>\n<p style=\"text-align: justify;\">\u00ab\u2009En parcourant les r\u00e9seaux sociaux, nous nous sommes aper\u00e7us que beaucoup de commer\u00e7ants se d\u00e9sesp\u00e9raient de ne plus pouvoir travailler. Il fallait leur trouver une solution leur permettant de continuer \u00e0 vendre. Nous avons pens\u00e9 \u00e0 une boutique en ligne pr\u00e9format\u00e9e et mise en avant dans un centre commercial en ligne\u2009\u00bb, pr\u00e9cise J\u00e9r\u00f4me Dayer, co-fondateur de <a href=\"https:\/\/www.dayonefactory.ch\" target=\"_blank\" rel=\"noopener\">DayOneFactory<\/a>.\u00a0<\/p>\n<p style=\"text-align: justify;\">Ce nouveau service est rapide et facile \u00e0 mettre en place. Autre \u00e9l\u00e9ment int\u00e9ressant pour les petits commerces\u2009: le co\u00fbt est li\u00e9 aux ventes. S\u2019il n\u2019y a pas de vente, il n\u2019y pas de frais. Au moins jusqu\u2019\u00e0 la fin du confinement, la commission est de 2,5% du chiffre d\u2019affaires, pour tous les commer\u00e7ants qui s\u2019annoncent.<\/p>\n<p>\u00a0<\/p>\n<p style=\"text-align: justify;\"><strong>H\u00e9bergement s\u00e9curis\u00e9 en Suisse<\/strong><\/p>\n<p>Les commerces de proximit\u00e9 qui ne sont pas encore \u00e9quip\u00e9s d\u2019une boutique en ligne sont clairement le public cible principal de ce produit digital. \u00ab\u2009Puisque le co\u00fbt est li\u00e9 au chiffre d\u2019affaires, ils ne prennent aucun risque. Ils ont simplement besoin d\u2019un peu de temps pour saisir leurs produits dans le syst\u00e8me\u2009\u00bb, rappelle Rapha\u00ebl Rey.\u00a0<\/p>\n<p style=\"text-align: justify;\">DayOneFactory se charge de la cr\u00e9ation de la boutique en ligne et de son h\u00e9bergement s\u00e9curis\u00e9 sur le domaine \u00ab\u2009<a href=\"https:\/\/proxishop.ch\/\" target=\"_blank\" rel=\"noopener\">proxishop.ch<\/a>\u2009\u00bb. Les donn\u00e9es sont stock\u00e9es sur un serveur cloud en Suisse, chez Infomaniak. \u00ab\u2009L&#39;acc\u00e8s au serveur est s\u00e9curis\u00e9 par certificat. Les donn\u00e9es des clients de nos clients ne sont pas utilis\u00e9es par nos soins\u2009\u00bb. \u00a0<\/p>\n<p>\u00a0<\/p>\n<p style=\"text-align: justify;\"><strong>Le Covid-19 ralentit le fonctionnement de la PME<\/strong><\/p>\n<p>Cette nouvelle activit\u00e9 propos\u00e9e par DayOneFactory est n\u00e9e avec la crise. \u00ab\u2009Nous avons vu l\u00e0 une opportunit\u00e9 dans l\u2019urgence\u2009\u00bb. Reste que l\u2019entreprise, qui emploie 9 personnes dans ses bureaux de Sion, est \u00e9galement impact\u00e9e par la situation actuelle. \u00ab\u2009Nous \u00e9tions techniquement pr\u00eats au travail \u00e0 domicile. La collaboration de l&#39;\u00e9quipe est toutefois ralentie par cette situation\u2009\u00bb. L\u2019int\u00e9gration de trois nouveaux collaborateurs au d\u00e9but mars a \u00e9t\u00e9 frein\u00e9e par les circonstances.\u00a0<\/p>\n<p style=\"text-align: justify;\">\u00ab\u2009On d\u00e9couvre aussi qu&#39;il y a de nombreux \u00e9l\u00e9ments perturbateurs chez soi qui nous sortent du contexte professionnel\u2009\u00bb, selon Rapha\u00ebl Rey. Ce dernier dit \u00e9galement ressentir les inqui\u00e9tudes des clients. \u00ab\u2009Certains nous demandent de la patience pour le lancement de projets ou pour le r\u00e8glement de certaines factures. Nous sommes toutefois contents de pouvoir continuer notre activit\u00e9, m\u00eame partiellement\u2009\u00bb.<\/p>\n<p>\u00a0<\/p>\n","protected":false},"excerpt":{"rendered":"<p>Proxishop\u2009: c\u2019est le nom du nouveau service digital mis en place par l\u2019entreprise DayOneFactory, bas\u00e9e \u00e0 Sion. Cette solution cl\u00e9 en main permet de cr\u00e9er rapidement un shop de vente en ligne pour les commerces de proximit\u00e9, tout en leur offrant une pr\u00e9sence dans un centre commercial digital. Une id\u00e9e int\u00e9ressante en cette p\u00e9riode de [&hellip;]<\/p>\n","protected":false},"author":1,"featured_media":44176,"comment_status":"closed","ping_status":"closed","sticky":false,"template":"","format":"standard","meta":{"_acf_changed":false,"footnotes":""},"categories":[186],"tags":[],"class_list":["post-44175","post","type-post","status-publish","format-standard","has-post-thumbnail","hentry","category-digital"],"acf":[],"_links":{"self":[{"href":"https:\/\/theark.ch\/fr\/wp-json\/wp\/v2\/posts\/44175","targetHints":{"allow":["GET"]}}],"collection":[{"href":"https:\/\/theark.ch\/fr\/wp-json\/wp\/v2\/posts"}],"about":[{"href":"https:\/\/theark.ch\/fr\/wp-json\/wp\/v2\/types\/post"}],"author":[{"embeddable":true,"href":"https:\/\/theark.ch\/fr\/wp-json\/wp\/v2\/users\/1"}],"replies":[{"embeddable":true,"href":"https:\/\/theark.ch\/fr\/wp-json\/wp\/v2\/comments?post=44175"}],"version-history":[{"count":0,"href":"https:\/\/theark.ch\/fr\/wp-json\/wp\/v2\/posts\/44175\/revisions"}],"wp:featuredmedia":[{"embeddable":true,"href":"https:\/\/theark.ch\/fr\/wp-json\/wp\/v2\/media\/44176"}],"wp:attachment":[{"href":"https:\/\/theark.ch\/fr\/wp-json\/wp\/v2\/media?parent=44175"}],"wp:term":[{"taxonomy":"category","embeddable":true,"href":"https:\/\/theark.ch\/fr\/wp-json\/wp\/v2\/categories?post=44175"},{"taxonomy":"post_tag","embeddable":true,"href":"https:\/\/theark.ch\/fr\/wp-json\/wp\/v2\/tags?post=44175"}],"curies":[{"name":"wp","href":"https:\/\/api.w.org\/{rel}","templated":true}]}}