{"id":44219,"date":"2020-05-06T19:41:34","date_gmt":"2020-05-06T17:41:34","guid":{"rendered":"http:\/\/theark.ch\/news\/le-blueark-challenge-vu-de-linterieur-une-participation-enrichissante\/"},"modified":"2020-05-06T19:41:34","modified_gmt":"2020-05-06T17:41:34","slug":"le-blueark-challenge-vu-de-linterieur-une-participation-enrichissante","status":"publish","type":"post","link":"https:\/\/theark.ch\/fr\/news\/le-blueark-challenge-vu-de-linterieur-une-participation-enrichissante\/","title":{"rendered":"Le BlueArk Challenge vu de l\u2019int\u00e9rieur : une participation enrichissante !"},"content":{"rendered":"<p style=\"text-align: justify;\"><strong>L\u2019environnement h\u00e9t\u00e9roclite et collaboratif du BlueArk Challenge a amen\u00e9 Sol\u00e8ne Cosandey, \u00e9tudiante en Energie et Techniques Environnementales \u00e0 la <a href=\"https:\/\/www.hevs.ch\/fr\" target=\"_blank\" rel=\"noopener\">HES-SO Valais\/Wallis<\/a>, \u00e0 raconter sa participation. Elle s\u2019est rendu compte de la diversit\u00e9 des domaines qui \u00e9taient pr\u00e9sents lors de cet hackathon organis\u00e9 par le p\u00f4le d\u2019innovation BlueArk Entremont. Une nouvelle \u00e9dition de cette manifestation aura lieu, sous une autre forme, en octobre prochain.\u00a0<\/strong><\/p>\n<p style=\"text-align: justify;\">Le 15 et 16 novembre 2019, au Ch\u00e2ble, s\u2019est tenue la deuxi\u00e8me \u00e9dition du BlueArk Challenge. Les participants ont eu 28 heures pour d\u00e9velopper des prototypes num\u00e9riques fonctionnels am\u00e9liorant les d\u00e9fis li\u00e9s \u00e0 la gestion de l\u2019eau. Cet hackathon, organis\u00e9 par Altis, la <a href=\"http:\/\/theark.ch\" target=\"_blank\">Fondation The Ark<\/a> et <a href=\"https:\/\/www.blueark.ch\/fr\" target=\"_blank\" rel=\"noopener\">BlueArk Entremont<\/a>, vise \u00e0 apporter des solutions digitales tout en acc\u00e9l\u00e9rant le processus d\u2019innovation.\u00a0<\/p>\n<p style=\"text-align: justify;\">Des \u00e9quipes se sont form\u00e9es pour r\u00e9pondre aux diff\u00e9rentes probl\u00e9matiques rencontr\u00e9es par les professionnels de la gestion de l\u2019eau. Ils ont eu toute la nuit et la journ\u00e9e de samedi pour d\u00e9velopper un prototype. Des experts ont pu conseiller et orienter les diff\u00e9rents groupes. Samedi soir, les \u00e9quipes ont pr\u00e9sent\u00e9 leur projet devant le jury.\u00a0<\/p>\n<p style=\"text-align: justify;\">\u00a0<\/p>\n<p style=\"text-align: justify;\"><strong>Des participants et des savoirs h\u00e9t\u00e9roclites<\/strong><\/p>\n<p>Sol\u00e8ne Cosandey \u00e9tait un peu h\u00e9sitante \u00e0 participer \u00e0 ce hackathon, car elle ne savait pas programmer. Lors du <a href=\"http:\/\/www.blueark-challenge.ch\" target=\"_blank\" rel=\"noopener\">BlueArk Challenge<\/a>, elle s\u2019est aper\u00e7ue que les participants venaient de diff\u00e9rents domaines. De plus, elle a constat\u00e9 qu\u2019il n\u2019y a pas que les comp\u00e9tences li\u00e9es au domaine qui entrent en jeu lors de l\u2019\u00e9laboration d\u2019un projet. Elle et les membres de son groupe avaient choisi le d\u00e9fi concernant la d\u00e9tection des fuites d\u2019eau chez les particuliers. Le groupe a mis en place un algorithme d\u2019analyse des donn\u00e9es de consommation. Elle a pu constater que ses comp\u00e9tences dans l\u2019organisation et la communication ainsi qu\u2019une connaissance de la th\u00e9matique ont \u00e9t\u00e9 utiles au sein du groupe pour le d\u00e9veloppement de leur projet.\u00a0<\/p>\n<p style=\"text-align: justify;\">\u00ab Le BlueArk Challenge constitue une alternative originale pour d\u00e9velopper des produits de mani\u00e8re rapide \u00bb, selon Sol\u00e8ne Cosandey. \u00c9tant donn\u00e9 le d\u00e9lai imparti, les participants doivent se concentrer sur le r\u00e9sultat final. Ainsi, les t\u00e2ches non-essentielles ne ralentissent pas la mise en place du projet. De plus, la diversit\u00e9 des comp\u00e9tences et des savoirs des participants permet d\u2019apporter des id\u00e9es innovantes. Sol\u00e8ne a pu le constater lors de sa participation : \u00ab cette h\u00e9t\u00e9roclisie constitue une grande richesse, car pour proposer des solutions innovantes, la technique a besoin de croiser les regards et les r\u00e9flexions \u00bb.<\/p>\n<p>\u00a0<\/p>\n<p><strong>Source :<\/strong> La voix des \u00e9tudiantes, HES-SO Valais\/Wallis<\/p>\n<p>\u00a0<\/p>\n","protected":false},"excerpt":{"rendered":"<p>L\u2019environnement h\u00e9t\u00e9roclite et collaboratif du BlueArk Challenge a amen\u00e9 Sol\u00e8ne Cosandey, \u00e9tudiante en Energie et Techniques Environnementales \u00e0 la HES-SO Valais\/Wallis, \u00e0 raconter sa participation. Elle s\u2019est rendu compte de la diversit\u00e9 des domaines qui \u00e9taient pr\u00e9sents lors de cet hackathon organis\u00e9 par le p\u00f4le d\u2019innovation BlueArk Entremont. Une nouvelle \u00e9dition de cette manifestation aura [&hellip;]<\/p>\n","protected":false},"author":1,"featured_media":44220,"comment_status":"closed","ping_status":"closed","sticky":false,"template":"","format":"standard","meta":{"_acf_changed":false,"footnotes":""},"categories":[186],"tags":[],"class_list":["post-44219","post","type-post","status-publish","format-standard","has-post-thumbnail","hentry","category-digital"],"acf":[],"_links":{"self":[{"href":"https:\/\/theark.ch\/fr\/wp-json\/wp\/v2\/posts\/44219","targetHints":{"allow":["GET"]}}],"collection":[{"href":"https:\/\/theark.ch\/fr\/wp-json\/wp\/v2\/posts"}],"about":[{"href":"https:\/\/theark.ch\/fr\/wp-json\/wp\/v2\/types\/post"}],"author":[{"embeddable":true,"href":"https:\/\/theark.ch\/fr\/wp-json\/wp\/v2\/users\/1"}],"replies":[{"embeddable":true,"href":"https:\/\/theark.ch\/fr\/wp-json\/wp\/v2\/comments?post=44219"}],"version-history":[{"count":0,"href":"https:\/\/theark.ch\/fr\/wp-json\/wp\/v2\/posts\/44219\/revisions"}],"wp:featuredmedia":[{"embeddable":true,"href":"https:\/\/theark.ch\/fr\/wp-json\/wp\/v2\/media\/44220"}],"wp:attachment":[{"href":"https:\/\/theark.ch\/fr\/wp-json\/wp\/v2\/media?parent=44219"}],"wp:term":[{"taxonomy":"category","embeddable":true,"href":"https:\/\/theark.ch\/fr\/wp-json\/wp\/v2\/categories?post=44219"},{"taxonomy":"post_tag","embeddable":true,"href":"https:\/\/theark.ch\/fr\/wp-json\/wp\/v2\/tags?post=44219"}],"curies":[{"name":"wp","href":"https:\/\/api.w.org\/{rel}","templated":true}]}}