{"id":44229,"date":"2020-05-07T16:28:07","date_gmt":"2020-05-07T14:28:07","guid":{"rendered":"http:\/\/theark.ch\/news\/le-valais-soutient-les-start-ups-en-participant-au-programme-federal-de-cautionnement\/"},"modified":"2020-05-07T16:28:07","modified_gmt":"2020-05-07T14:28:07","slug":"le-valais-soutient-les-start-ups-en-participant-au-programme-federal-de-cautionnement","status":"publish","type":"post","link":"https:\/\/theark.ch\/fr\/news\/le-valais-soutient-les-start-ups-en-participant-au-programme-federal-de-cautionnement\/","title":{"rendered":"Le Valais soutient les start-ups en participant au programme f\u00e9d\u00e9ral de cautionnement"},"content":{"rendered":"<p style=\"text-align: justify;\"><strong>La crise li\u00e9e \u00e0 la pand\u00e9mie de coronavirus (COVID-19) impacte les start-ups avec un effet potentiellement important sur leur rythme de croissance. Dot\u00e9es d\u2019un mod\u00e8le d\u2019affaire sp\u00e9cifique, elles n\u2019ont pas pu recourir jusqu\u2019\u00e0 pr\u00e9sent aux mesures d\u2019urgence de la Conf\u00e9d\u00e9ration, ou seulement de mani\u00e8re tr\u00e8s limit\u00e9e. Un programme f\u00e9d\u00e9ral de cautionnement existe d\u00e9sormais. Le Conseil d\u2019Etat a d\u00e9cid\u00e9 d\u2019y participer pour soutenir les jeunes entreprises valaisannes innovantes et leur offrir une solution de financement \u00e0 court terme, qui leur permette de combler les \u00e9ventuels retards de d\u00e9veloppement subis \u00e0 cause du coronavirus.\u00a0<\/strong><\/p>\n<p style=\"text-align: justify;\">Les mesures d\u2019urgence prises par le Conseil f\u00e9d\u00e9ral courant mars ne r\u00e9pondent pas aux besoins sp\u00e9cifiques des start-ups. Contrairement aux entreprises traditionnelles, il ne s\u2019agit en l\u2019occurrence pas de combler une perte de chiffre d\u2019affaires subite. Les start-ups sont bien plus impact\u00e9es en termes de retrait de certains investisseurs, de retard ou d\u2019arr\u00eat des op\u00e9rations de financement.\u00a0<\/p>\n<p style=\"text-align: justify;\">En date du 22 avril 2020, le Conseil f\u00e9d\u00e9ral a autoris\u00e9 l\u2019utilisation du syst\u00e8me de garantie existant pour les PME afin de soutenir les start-ups. La Conf\u00e9d\u00e9ration s\u2019est d\u00e9clar\u00e9e pr\u00eate \u00e0 assumer 65% du risque de perte sur le cr\u00e9dit, mais \u00e0 condition que les cantons participent \u00e9galement, en assurant le solde de 35% du risque. Une enveloppe f\u00e9d\u00e9rale de 100 millions de francs a \u00e9t\u00e9 r\u00e9serv\u00e9e \u00e0 cet effet, permettant, avec le 35% de part cantonale, d\u2019engager jusqu\u2019\u00e0 154 millions de francs en faveur de start-ups.\u00a0<\/p>\n<p style=\"text-align: justify;\">Le <a href=\"https:\/\/www.vs.ch\" target=\"_blank\" rel=\"noopener\">canton du Valais<\/a> s\u2019est positionn\u00e9 depuis de nombreuses ann\u00e9es en faveur du d\u00e9veloppement d\u2019activit\u00e9s innovantes g\u00e9n\u00e9ratrices de haute valeur ajout\u00e9e, lui permettant de se hisser dans le top 5 des cantons suisses en mati\u00e8re de cr\u00e9ation de start-ups. Le Gouvernement valaisan a donc d\u00e9cid\u00e9 de participer \u00e0 ce programme f\u00e9d\u00e9ral de soutien \u00e0 hauteur de 3&#39;500&#39;000 francs, permettant l\u2019\u00e9mission de cautionnements jusqu\u2019\u00e0 un montant global total de 10 millions de francs en faveur de jeunes entreprises valaisannes prometteuses.\u00a0<\/p>\n<p style=\"text-align: justify;\">Il est recommand\u00e9 aux entreprises cibl\u00e9es par cette aide de s\u2019adresser pr\u00e9alablement au <a href=\"https:\/\/www.ccf-valais.ch\/fr\" target=\"_blank\" rel=\"noopener\">Centre de Cautionnement et de Financement SA<\/a> (CCF SA), bras financier de la promotion \u00e9conomique cantonale, pour une premi\u00e8re analyse et pr\u00e9paration des demandes. A relever que ces derni\u00e8res devront ensuite \u00eatre d\u00e9pos\u00e9es directement sur le site internet d\u00e9di\u00e9 de la Conf\u00e9d\u00e9ration, <a href=\"https:\/\/covid19.easygov.swiss\/fr\" target=\"_blank\" rel=\"noopener\">https:\/\/covid19.easygov.swiss\/fr<\/a>, et ce d\u2019ici au 31 ao\u00fbt 2020.\u00a0<\/p>\n<p style=\"text-align: justify;\">Avec cette nouvelle mesure de soutien en faveur de l\u2019\u00e9conomie valaisanne, le canton du Valais r\u00e9it\u00e8re son soutien \u00e0 ses start-ups en les aidant \u00e0 faire face \u00e0 cette p\u00e9riode d\u2019incertitude.\u00a0<\/p>\n<p>\u00a0<\/p>\n<p><strong>Source :<\/strong> Communiqu\u00e9 de Presse du Canton du Valais<\/p>\n<p>\u00a0<\/p>\n","protected":false},"excerpt":{"rendered":"<p>La crise li\u00e9e \u00e0 la pand\u00e9mie de coronavirus (COVID-19) impacte les start-ups avec un effet potentiellement important sur leur rythme de croissance. Dot\u00e9es d\u2019un mod\u00e8le d\u2019affaire sp\u00e9cifique, elles n\u2019ont pas pu recourir jusqu\u2019\u00e0 pr\u00e9sent aux mesures d\u2019urgence de la Conf\u00e9d\u00e9ration, ou seulement de mani\u00e8re tr\u00e8s limit\u00e9e. Un programme f\u00e9d\u00e9ral de cautionnement existe d\u00e9sormais. Le Conseil [&hellip;]<\/p>\n","protected":false},"author":1,"featured_media":44230,"comment_status":"closed","ping_status":"closed","sticky":false,"template":"","format":"standard","meta":{"_acf_changed":false,"footnotes":""},"categories":[186],"tags":[],"class_list":["post-44229","post","type-post","status-publish","format-standard","has-post-thumbnail","hentry","category-digital"],"acf":[],"_links":{"self":[{"href":"https:\/\/theark.ch\/fr\/wp-json\/wp\/v2\/posts\/44229","targetHints":{"allow":["GET"]}}],"collection":[{"href":"https:\/\/theark.ch\/fr\/wp-json\/wp\/v2\/posts"}],"about":[{"href":"https:\/\/theark.ch\/fr\/wp-json\/wp\/v2\/types\/post"}],"author":[{"embeddable":true,"href":"https:\/\/theark.ch\/fr\/wp-json\/wp\/v2\/users\/1"}],"replies":[{"embeddable":true,"href":"https:\/\/theark.ch\/fr\/wp-json\/wp\/v2\/comments?post=44229"}],"version-history":[{"count":0,"href":"https:\/\/theark.ch\/fr\/wp-json\/wp\/v2\/posts\/44229\/revisions"}],"wp:featuredmedia":[{"embeddable":true,"href":"https:\/\/theark.ch\/fr\/wp-json\/wp\/v2\/media\/44230"}],"wp:attachment":[{"href":"https:\/\/theark.ch\/fr\/wp-json\/wp\/v2\/media?parent=44229"}],"wp:term":[{"taxonomy":"category","embeddable":true,"href":"https:\/\/theark.ch\/fr\/wp-json\/wp\/v2\/categories?post=44229"},{"taxonomy":"post_tag","embeddable":true,"href":"https:\/\/theark.ch\/fr\/wp-json\/wp\/v2\/tags?post=44229"}],"curies":[{"name":"wp","href":"https:\/\/api.w.org\/{rel}","templated":true}]}}