{"id":44263,"date":"2020-05-20T16:03:26","date_gmt":"2020-05-20T14:03:26","guid":{"rendered":"http:\/\/theark.ch\/news\/covid-19-la-pme-valaisanne-simnet-developpe-un-box-de-desinfection\/"},"modified":"2020-05-20T16:03:26","modified_gmt":"2020-05-20T14:03:26","slug":"covid-19-la-pme-valaisanne-simnet-developpe-un-box-de-desinfection","status":"publish","type":"post","link":"https:\/\/theark.ch\/fr\/news\/covid-19-la-pme-valaisanne-simnet-developpe-un-box-de-desinfection\/","title":{"rendered":"Covid-19\u2009: la PME valaisanne Simnet d\u00e9veloppe un box de d\u00e9sinfection"},"content":{"rendered":"<p style=\"text-align: justify;\"><strong>L\u2019ing\u00e9niosit\u00e9 des entreprises valaisannes se v\u00e9rifie jour apr\u00e8s jour dans le cadre de la crise du coronavirus. Dernier exemple en date\u2009: la PME Simnet, bas\u00e9e \u00e0 Sembrancher et membre de Silicom Group, a d\u00e9velopp\u00e9 un box de d\u00e9sinfection UV qui permet de d\u00e9sinfecter tout le mat\u00e9riel qui transite par leur atelier. Cet appareil high-tech est n\u00e9 de l\u2019imagination et des multiples comp\u00e9tences des employ\u00e9s de Simnet et du groupe Silicom.\u00a0<\/strong><\/p>\n<p style=\"text-align: justify;\">\u00ab\u2009L\u2019id\u00e9e de ce box de d\u00e9sinfection est venue suite \u00e0 la r\u00e9ouverture de nos bureaux en phase avec les r\u00e8gles impos\u00e9es par l\u2019OFSP et le flux constant de mat\u00e9riel arrivant pour d\u00e9pannage au sein de nos locaux. Les comp\u00e9tences multiples des diff\u00e9rents secteurs de notre groupe ont permis l&#39;assemblage tout-en-un de la solution, de la partie m\u00e9canique, \u00e9lectrique et automatique\u2009\u00bb, pr\u00e9cise Guillaume Simon, membre de la direction de <a href=\"https:\/\/silicom.group\" target=\"_blank\" rel=\"noopener\">Silicom Group<\/a>.\u00a0<\/p>\n<p style=\"text-align: justify;\">Avant de rendre le mat\u00e9riel au client, celui-ci passe syst\u00e9matiquement dans le\u00a0box de d\u00e9sinfection pour \u00e9liminer le reste des bact\u00e9ries pr\u00e9sentes et surtout acc\u00e9der aux endroits agissant comme nid \u00e0 bact\u00e9ries. Ce sont ainsi des dizaines de claviers, ordinateurs, laptops et smartphones qui passent dans le\u00a0box chaque jour. Cette solution fait d\u00e9sormais partie du panel suppl\u00e9mentaire \u00e0 disposition au sein de l\u2019atelier de <a href=\"https:\/\/www.simnetsa.ch\" target=\"_blank\" rel=\"noopener\">Simnet<\/a>. \u00ab\u2009Elle perdurera apr\u00e8s la crise et restera int\u00e9gr\u00e9e aux proc\u00e9dures standard du traitement du mat\u00e9riel client\u2009\u00bb.\u00a0<\/p>\n<p>\u00a0<\/p>\n<p style=\"text-align: justify;\"><strong>D\u00e9sinfection rapide<\/strong><\/p>\n<p>Les lampes UV-C sont efficaces contre tous les micro-organismes (virus, bact\u00e9ries, spores). Ils d\u00e9truisent leur ADN, les emp\u00eachant de se reproduire. \u00ab\u2009La d\u00e9sinfection est efficace pour les surfaces, et pour l&#39;air ambiant, y compris pour le Covid-19. N\u00e9anmoins, la d\u00e9sinfection doit se faire sans contact direct avec les personnes. La solution propos\u00e9e int\u00e8gre toutes les s\u00e9curit\u00e9s n\u00e9cessaires pour l&#39;utilisation par le personnel directement\u2009\u00bb, souligne Guillaume Simon. Le temps de d\u00e9sinfection varie selon la taille de l\u2019objet. \u00ab\u2009Cela va de quelques secondes \u00e0 deux minutes. Le temps est r\u00e9glable via un \u00e9cran de commande int\u00e9gr\u00e9\u2009\u00bb.<\/p>\n<p style=\"text-align: justify;\">Ce\u00a0box pourrait faire, \u00e0 terme, l\u2019objet d\u2019une commercialisation \u00e0 l\u2019externe de l\u2019entreprise. \u00ab\u2009L\u2019id\u00e9e \u00e9tait vraiment de pouvoir assurer la continuit\u00e9 de notre business avant tout. Quelques petites adaptations techniques devraient \u00eatre effectu\u00e9es pour une commercialisation\u2009\u00bb, pr\u00e9cise Guillaume Simon.\u00a0<\/p>\n<p style=\"text-align: justify;\">Simnet poss\u00e8de des comp\u00e9tences importantes dans le domaine de la protection des donn\u00e9es et de la s\u00e9curit\u00e9 informatique. Sp\u00e9cialis\u00e9e dans la maintenance, la vente, la maintenance de mat\u00e9riel, r\u00e9seau, domotique, s\u00e9curit\u00e9 et cr\u00e9ation de sites web, elle a \u00e9t\u00e9 fond\u00e9e en 2001. Elle est membre du Silicom Group depuis l\u2019an dernier.\u00a0<\/p>\n<p>\u00a0<\/p>\n<p><strong>Source : <\/strong>Simnet<\/p>\n<p>\u00a0<\/p>\n","protected":false},"excerpt":{"rendered":"<p>L\u2019ing\u00e9niosit\u00e9 des entreprises valaisannes se v\u00e9rifie jour apr\u00e8s jour dans le cadre de la crise du coronavirus. Dernier exemple en date\u2009: la PME Simnet, bas\u00e9e \u00e0 Sembrancher et membre de Silicom Group, a d\u00e9velopp\u00e9 un box de d\u00e9sinfection UV qui permet de d\u00e9sinfecter tout le mat\u00e9riel qui transite par leur atelier. Cet appareil high-tech est [&hellip;]<\/p>\n","protected":false},"author":1,"featured_media":44264,"comment_status":"closed","ping_status":"closed","sticky":false,"template":"","format":"standard","meta":{"_acf_changed":false,"footnotes":""},"categories":[186],"tags":[],"class_list":["post-44263","post","type-post","status-publish","format-standard","has-post-thumbnail","hentry","category-digital"],"acf":[],"_links":{"self":[{"href":"https:\/\/theark.ch\/fr\/wp-json\/wp\/v2\/posts\/44263","targetHints":{"allow":["GET"]}}],"collection":[{"href":"https:\/\/theark.ch\/fr\/wp-json\/wp\/v2\/posts"}],"about":[{"href":"https:\/\/theark.ch\/fr\/wp-json\/wp\/v2\/types\/post"}],"author":[{"embeddable":true,"href":"https:\/\/theark.ch\/fr\/wp-json\/wp\/v2\/users\/1"}],"replies":[{"embeddable":true,"href":"https:\/\/theark.ch\/fr\/wp-json\/wp\/v2\/comments?post=44263"}],"version-history":[{"count":0,"href":"https:\/\/theark.ch\/fr\/wp-json\/wp\/v2\/posts\/44263\/revisions"}],"wp:featuredmedia":[{"embeddable":true,"href":"https:\/\/theark.ch\/fr\/wp-json\/wp\/v2\/media\/44264"}],"wp:attachment":[{"href":"https:\/\/theark.ch\/fr\/wp-json\/wp\/v2\/media?parent=44263"}],"wp:term":[{"taxonomy":"category","embeddable":true,"href":"https:\/\/theark.ch\/fr\/wp-json\/wp\/v2\/categories?post=44263"},{"taxonomy":"post_tag","embeddable":true,"href":"https:\/\/theark.ch\/fr\/wp-json\/wp\/v2\/tags?post=44263"}],"curies":[{"name":"wp","href":"https:\/\/api.w.org\/{rel}","templated":true}]}}