{"id":44501,"date":"2020-09-09T17:43:32","date_gmt":"2020-09-09T15:43:32","guid":{"rendered":"http:\/\/theark.ch\/news\/envie-de-creer-le-futur-de-la-5g-participez-au-startup-challenge-2020-de-swisscom\/"},"modified":"2020-09-09T17:43:32","modified_gmt":"2020-09-09T15:43:32","slug":"envie-de-creer-le-futur-de-la-5g-participez-au-startup-challenge-2020-de-swisscom","status":"publish","type":"post","link":"https:\/\/theark.ch\/fr\/news\/envie-de-creer-le-futur-de-la-5g-participez-au-startup-challenge-2020-de-swisscom\/","title":{"rendered":"Envie de cr\u00e9er le futur de la 5G ? Participez au StartUp Challenge 2020 de Swisscom"},"content":{"rendered":"<p style=\"text-align: justify;\"><strong>Swisscom lance sa 8e \u00e9dition de StartUp Challenge ! Cette ann\u00e9e, le th\u00e8me est la 5G. Start-up et groupes de chercheurs sp\u00e9cialis\u00e9s dans le domaine peuvent d\u00e9poser leur candidature jusqu\u2019au 11 octobre prochain. Les cinq gagnants b\u00e9n\u00e9ficieront d\u2019un programme d\u2019exploration comprenant des workshops et des services de coaching d\u2019experts en 5G.<\/strong>\u00a0<\/p>\n<p style=\"text-align: justify;\"><a href=\"https:\/\/www.swisscom.ch\/fr\/clients-prives.html\" target=\"_blank\" rel=\"noopener\">Swisscom<\/a> invite les start-up et les groupes de chercheurs souhaitant exploiter le potentiel de la 5G \u00e0 participer au <a href=\"https:\/\/www.swisscom.ch\/fr\/business\/start-up\/swisscom-startup-challenge.html?campID=SC_5gstartupchallenge\" target=\"_blank\" rel=\"noopener\">Start-up Challenge 2020<\/a>. Le d\u00e9lai de d\u00e9p\u00f4t des candidatures est fix\u00e9 au 11 octobre. Le jury s\u00e9lectionnera les dix meilleurs candidats. Ceux-ci pr\u00e9senteront leur projet innovant et visionnaire en lien avec la technologie 5G le 17 d\u00e9cembre au jury. Etant donn\u00e9 la situation d\u2019incertitude li\u00e9e au Coronavirus, il est possible de pr\u00e9senter les projets \u00e0 distance.<\/p>\n<p style=\"text-align: justify;\">\u00a0<\/p>\n<p style=\"text-align: justify;\"><strong>Les gagnants\u00a0<\/strong><\/p>\n<p>Les cinq candidats les plus prometteurs b\u00e9n\u00e9ficieront du programme d\u2019exploration de Swisscom. Organis\u00e9 en collaboration avec Venturelab, les gagnants auront l\u2019opportunit\u00e9 de suivre des workshops et un encadrement par des experts pendant une semaine en mars 2021. Ils pourront tester leur projet dans le laboratoire 5G de Swisscom (architectures 5G, acc\u00e8s au r\u00e9seau Swisscom 5G, acc\u00e8s \u00e0 des appareils 5G), entrer en contact avec des entreprises partenaires de la filiale ainsi que de leurs programmes, approfondir leur business mod\u00e8le, etc. Ils auront \u00e9galement la possibilit\u00e9 d\u2019obtenir un investissement ou une collaboration avec Swisscom.<\/p>\n<p style=\"text-align: justify;\">\u00a0<\/p>\n<p style=\"text-align: justify;\"><strong>Informations compl\u00e9mentaires :<\/strong> <a href=\"https:\/\/www.swisscom.ch\/fr\/business\/start-up\/swisscom-startup-challenge.html?campID=SC_5gstartupchallenge\" target=\"_blank\" rel=\"noopener\">StartUp Challenge<\/a><\/p>\n<p style=\"text-align: justify;\">\u00a0<\/p>\n<p style=\"text-align: justify;\"><strong>Source : <\/strong>communiqu\u00e9 de presse Swisscom<\/p>\n<p style=\"text-align: justify;\"><strong>Cr\u00e9dit photo :<\/strong> Swisscom<\/p>\n<p>\u00a0<\/p>\n","protected":false},"excerpt":{"rendered":"<p>Swisscom lance sa 8e \u00e9dition de StartUp Challenge ! Cette ann\u00e9e, le th\u00e8me est la 5G. Start-up et groupes de chercheurs sp\u00e9cialis\u00e9s dans le domaine peuvent d\u00e9poser leur candidature jusqu\u2019au 11 octobre prochain. Les cinq gagnants b\u00e9n\u00e9ficieront d\u2019un programme d\u2019exploration comprenant des workshops et des services de coaching d\u2019experts en 5G.\u00a0 Swisscom invite les start-up [&hellip;]<\/p>\n","protected":false},"author":1,"featured_media":44502,"comment_status":"closed","ping_status":"closed","sticky":false,"template":"","format":"standard","meta":{"_acf_changed":false,"footnotes":""},"categories":[186],"tags":[],"class_list":["post-44501","post","type-post","status-publish","format-standard","has-post-thumbnail","hentry","category-digital"],"acf":[],"_links":{"self":[{"href":"https:\/\/theark.ch\/fr\/wp-json\/wp\/v2\/posts\/44501","targetHints":{"allow":["GET"]}}],"collection":[{"href":"https:\/\/theark.ch\/fr\/wp-json\/wp\/v2\/posts"}],"about":[{"href":"https:\/\/theark.ch\/fr\/wp-json\/wp\/v2\/types\/post"}],"author":[{"embeddable":true,"href":"https:\/\/theark.ch\/fr\/wp-json\/wp\/v2\/users\/1"}],"replies":[{"embeddable":true,"href":"https:\/\/theark.ch\/fr\/wp-json\/wp\/v2\/comments?post=44501"}],"version-history":[{"count":0,"href":"https:\/\/theark.ch\/fr\/wp-json\/wp\/v2\/posts\/44501\/revisions"}],"wp:featuredmedia":[{"embeddable":true,"href":"https:\/\/theark.ch\/fr\/wp-json\/wp\/v2\/media\/44502"}],"wp:attachment":[{"href":"https:\/\/theark.ch\/fr\/wp-json\/wp\/v2\/media?parent=44501"}],"wp:term":[{"taxonomy":"category","embeddable":true,"href":"https:\/\/theark.ch\/fr\/wp-json\/wp\/v2\/categories?post=44501"},{"taxonomy":"post_tag","embeddable":true,"href":"https:\/\/theark.ch\/fr\/wp-json\/wp\/v2\/tags?post=44501"}],"curies":[{"name":"wp","href":"https:\/\/api.w.org\/{rel}","templated":true}]}}