{"id":44585,"date":"2020-10-01T16:38:47","date_gmt":"2020-10-01T14:38:47","guid":{"rendered":"http:\/\/theark.ch\/news\/creation-dentreprises-le-valais-au-dessus-de-la-moyenne-suisse\/"},"modified":"2020-10-01T16:38:47","modified_gmt":"2020-10-01T14:38:47","slug":"creation-dentreprises-le-valais-au-dessus-de-la-moyenne-suisse","status":"publish","type":"post","link":"https:\/\/theark.ch\/fr\/news\/creation-dentreprises-le-valais-au-dessus-de-la-moyenne-suisse\/","title":{"rendered":"Cr\u00e9ation d\u2019entreprises\u2009: le Valais au-dessus de la moyenne suisse"},"content":{"rendered":"<p style=\"text-align: justify;\"><strong>Les Valaisannes et les Valaisans ont l\u2019esprit d\u2019entreprise. Si l\u2019on en croit la derni\u00e8re \u00e9tude nationale de IFJ (Institut pour jeunes entreprises), 4,29 entreprises pour 100&#39;000 habitants ont \u00e9t\u00e9 fond\u00e9es en Valais au cours des neuf premiers mois de l\u2019ann\u00e9e (+8,2% par rapport \u00e0 la m\u00eame p\u00e9riode 2019). Ce chiffre place le Valais au 8e rang des cantons au niveau suisse, et au-dessus de la moyenne. De mani\u00e8re g\u00e9n\u00e9rale, jamais autant de nouvelles entreprises n\u2019ont \u00e9t\u00e9 cr\u00e9\u00e9es en Suisse.\u00a0<\/strong><\/p>\n<p style=\"text-align: justify;\">\u00ab\u2009La Suisse d\u00e9fie le contexte \u00e9conomique actuel\u2009\u00bb, pr\u00e9cise <a href=\"https:\/\/www.ifj.ch\" target=\"_blank\" rel=\"noopener\">IFJ<\/a> en introduction de son \u00e9tude. Au total, 33&#39;617 nouvelles entreprises ont \u00e9t\u00e9 cr\u00e9\u00e9es au cours des trois premiers trimestres de 2020, soit une augmentation de +2,5 % par rapport \u00e0 l&#39;ann\u00e9e record de 2019.\u00a0<\/p>\n<p style=\"text-align: justify;\">En moyenne, 4,28 nouvelles entreprises ont \u00e9t\u00e9 cr\u00e9\u00e9es pour 1\u2019000 habitants en Suisse au cours de cette ann\u00e9e. L&#39;analyse nationale de IFJ montre que le canton de Zoug est de loin le leader avec 13,7 entreprises cr\u00e9\u00e9es pour 1\u2019000 habitants, suivi des cantons d&#39;Appenzell Rhodes-Int\u00e9rieures, de Schwyz, de Gen\u00e8ve et de B\u00e2le-Ville. Les cantons romands de Gen\u00e8ve et du Valais sont au-dessus de la moyenne suisse. Pour le Valais, 1&#39;477 entreprises ont d\u00e9j\u00e0 \u00e9t\u00e9 fond\u00e9es depuis le d\u00e9but 2020.\u00a0<\/p>\n<p style=\"text-align: justify;\">\u00a0<\/p>\n<p style=\"text-align: justify;\"><strong>Augmentation continue \u00e0 attendre en 2020<\/strong><\/p>\n<p>En raison des mesures li\u00e9es au coronavirus, les mois de mars (-5,4 %), avril (-25,1 %) et mai (-13,4 %), ont connu des baisses de cr\u00e9ations d\u2019entreprises. Cette baisse a \u00e9t\u00e9 compens\u00e9e les mois suivants. Le mois de juin a ainsi connu une augmentation de +24,8%, le mois de juillet +11,1%, le mois d&#39;ao\u00fbt +17,9% et le mois de septembre +18,3%. \u00ab\u2009La confiance des cr\u00e9ateurs d\u2019entreprise en Suisse se maintient et on peut s&#39;attendre \u00e0 une augmentation continue en 2020\u2009\u00bb, selon IFJ.<\/p>\n<p style=\"text-align: justify;\">\u00a0<\/p>\n<p style=\"text-align: justify;\"><a href=\"https:\/\/www.ifj.ch\/Nombre-record-dentreprises-creees-en-Suisse-Dans-certains-cantons-lesprit-dentreprise-est-au-beau-fixe\" target=\"_blank\" rel=\"noopener\">Retrouvez l\u2019\u00e9tude compl\u00e8te sous ce lien<\/a><\/p>\n<p style=\"text-align: justify;\">\u00a0<\/p>\n<p style=\"text-align: justify;\"><strong>Source\u2009:<\/strong> IFJ<\/p>\n<p style=\"text-align: justify;\">\u00a0<\/p>\n","protected":false},"excerpt":{"rendered":"<p>Les Valaisannes et les Valaisans ont l\u2019esprit d\u2019entreprise. Si l\u2019on en croit la derni\u00e8re \u00e9tude nationale de IFJ (Institut pour jeunes entreprises), 4,29 entreprises pour 100&#39;000 habitants ont \u00e9t\u00e9 fond\u00e9es en Valais au cours des neuf premiers mois de l\u2019ann\u00e9e (+8,2% par rapport \u00e0 la m\u00eame p\u00e9riode 2019). Ce chiffre place le Valais au 8e [&hellip;]<\/p>\n","protected":false},"author":1,"featured_media":44586,"comment_status":"closed","ping_status":"closed","sticky":false,"template":"","format":"standard","meta":{"_acf_changed":false,"footnotes":""},"categories":[186],"tags":[],"class_list":["post-44585","post","type-post","status-publish","format-standard","has-post-thumbnail","hentry","category-digital"],"acf":[],"_links":{"self":[{"href":"https:\/\/theark.ch\/fr\/wp-json\/wp\/v2\/posts\/44585","targetHints":{"allow":["GET"]}}],"collection":[{"href":"https:\/\/theark.ch\/fr\/wp-json\/wp\/v2\/posts"}],"about":[{"href":"https:\/\/theark.ch\/fr\/wp-json\/wp\/v2\/types\/post"}],"author":[{"embeddable":true,"href":"https:\/\/theark.ch\/fr\/wp-json\/wp\/v2\/users\/1"}],"replies":[{"embeddable":true,"href":"https:\/\/theark.ch\/fr\/wp-json\/wp\/v2\/comments?post=44585"}],"version-history":[{"count":0,"href":"https:\/\/theark.ch\/fr\/wp-json\/wp\/v2\/posts\/44585\/revisions"}],"wp:featuredmedia":[{"embeddable":true,"href":"https:\/\/theark.ch\/fr\/wp-json\/wp\/v2\/media\/44586"}],"wp:attachment":[{"href":"https:\/\/theark.ch\/fr\/wp-json\/wp\/v2\/media?parent=44585"}],"wp:term":[{"taxonomy":"category","embeddable":true,"href":"https:\/\/theark.ch\/fr\/wp-json\/wp\/v2\/categories?post=44585"},{"taxonomy":"post_tag","embeddable":true,"href":"https:\/\/theark.ch\/fr\/wp-json\/wp\/v2\/tags?post=44585"}],"curies":[{"name":"wp","href":"https:\/\/api.w.org\/{rel}","templated":true}]}}