{"id":44639,"date":"2020-10-27T15:44:32","date_gmt":"2020-10-27T14:44:32","guid":{"rendered":"http:\/\/theark.ch\/news\/le-blueark-challenge-presente-en-video\/"},"modified":"2020-10-27T15:44:32","modified_gmt":"2020-10-27T13:44:32","slug":"le-blueark-challenge-presente-en-video","status":"publish","type":"post","link":"https:\/\/theark.ch\/fr\/news\/le-blueark-challenge-presente-en-video\/","title":{"rendered":"Le BlueArk Challenge pr\u00e9sent\u00e9 en vid\u00e9o !"},"content":{"rendered":"<p><strong>Lors du dernier Smart Water, la gestion de l\u2019eau \u00e9tait au c\u0153ur des d\u00e9bats. Il a notamment \u00e9t\u00e9 question du BlueArk Challenge, l\u2019appel \u00e0 projets organis\u00e9 par le P\u00f4le d\u2019Innovation BlueArk Entremont, la Fondation The Ark et Altis. Diff\u00e9rentes questions ont \u00e9t\u00e9 abord\u00e9es : Pourquoi le BlueArk Challenge ? Qu\u2019est-ce qui se cache derri\u00e8re cette 3\u00e8me \u00e9dition qui prend la forme d\u2019un appel \u00e0 projets ? Retrouvez les propos de Guillaume von Roten, coordinateur du BlueArk Challenge, dans la vid\u00e9o ci-dessous !<\/strong><\/p>\n<p>Le <a href=\"https:\/\/www.blueark-challenge.ch\/\" target=\"_blank\" rel=\"noopener\">BlueArk Challenge<\/a> s\u2019est donn\u00e9 pour mission de r\u00e9soudre diff\u00e9rents d\u00e9fis li\u00e9s \u00e0 la gestion de l\u2019eau auxquels sont confront\u00e9s les professionnels du domaine. Cette ann\u00e9e, 17 challenges sont propos\u00e9s sur le <a href=\"https:\/\/www.blueark-challenge.ch\/#challenges\" target=\"_blank\" rel=\"noopener\">site du BlueArk Challenge<\/a>. Il ne vous reste plus qu\u2019\u00e0 d\u00e9poser vos solutions <strong>d\u2019ici le 6 novembre prochain<\/strong> !\u00a0<\/p>\n<p><\/p>\n<p>Pour en apprendre un peu plus sur cette troisi\u00e8me \u00e9dition du BlueArk Challenge, conna\u00eetre les raisons qui ont motiv\u00e9 les partenaires du projet \u00e0 cr\u00e9er ce nouveau concept d\u2019appel \u00e0 projets et bien d\u2019autres informations encore, visionnez la pr\u00e9sentation du BlueArk Challenge faite par Guillaume von Roten.<\/p>\n<p>\u00a0<\/p>\n<p style=\"text-align: center;\"><iframe loading=\"lazy\" allow=\"accelerometer; autoplay; encrypted-media; gyroscope; picture-in-picture\" allowfullscreen=\"\" frameborder=\"0\" height=\"315\" src=\"https:\/\/www.youtube.com\/embed\/ovq6oAJ559s\" width=\"560\"><\/iframe><\/p>\n<p style=\"text-align: center;\">\u00a0<\/p>\n<p style=\"text-align: center;\">\u00a0<\/p>\n","protected":false},"excerpt":{"rendered":"<p>Lors du dernier Smart Water, la gestion de l\u2019eau \u00e9tait au c\u0153ur des d\u00e9bats. Il a notamment \u00e9t\u00e9 question du BlueArk Challenge, l\u2019appel \u00e0 projets organis\u00e9 par le P\u00f4le d\u2019Innovation BlueArk Entremont, la Fondation The Ark et Altis. Diff\u00e9rentes questions ont \u00e9t\u00e9 abord\u00e9es : Pourquoi le BlueArk Challenge ? Qu\u2019est-ce qui se cache derri\u00e8re cette [&hellip;]<\/p>\n","protected":false},"author":1,"featured_media":44640,"comment_status":"closed","ping_status":"closed","sticky":false,"template":"","format":"standard","meta":{"_acf_changed":false,"footnotes":""},"categories":[186],"tags":[],"class_list":["post-44639","post","type-post","status-publish","format-standard","has-post-thumbnail","hentry","category-digital"],"acf":[],"_links":{"self":[{"href":"https:\/\/theark.ch\/fr\/wp-json\/wp\/v2\/posts\/44639","targetHints":{"allow":["GET"]}}],"collection":[{"href":"https:\/\/theark.ch\/fr\/wp-json\/wp\/v2\/posts"}],"about":[{"href":"https:\/\/theark.ch\/fr\/wp-json\/wp\/v2\/types\/post"}],"author":[{"embeddable":true,"href":"https:\/\/theark.ch\/fr\/wp-json\/wp\/v2\/users\/1"}],"replies":[{"embeddable":true,"href":"https:\/\/theark.ch\/fr\/wp-json\/wp\/v2\/comments?post=44639"}],"version-history":[{"count":0,"href":"https:\/\/theark.ch\/fr\/wp-json\/wp\/v2\/posts\/44639\/revisions"}],"wp:featuredmedia":[{"embeddable":true,"href":"https:\/\/theark.ch\/fr\/wp-json\/wp\/v2\/media\/44640"}],"wp:attachment":[{"href":"https:\/\/theark.ch\/fr\/wp-json\/wp\/v2\/media?parent=44639"}],"wp:term":[{"taxonomy":"category","embeddable":true,"href":"https:\/\/theark.ch\/fr\/wp-json\/wp\/v2\/categories?post=44639"},{"taxonomy":"post_tag","embeddable":true,"href":"https:\/\/theark.ch\/fr\/wp-json\/wp\/v2\/tags?post=44639"}],"curies":[{"name":"wp","href":"https:\/\/api.w.org\/{rel}","templated":true}]}}