{"id":44681,"date":"2020-11-09T17:16:16","date_gmt":"2020-11-09T16:16:16","guid":{"rendered":"http:\/\/theark.ch\/news\/start-ups-valaisannes-quel-avenir-numerique\/"},"modified":"2025-04-08T15:21:03","modified_gmt":"2025-04-08T13:21:03","slug":"start-ups-valaisannes-quel-avenir-numerique","status":"publish","type":"post","link":"https:\/\/theark.ch\/fr\/news\/start-ups-valaisannes-quel-avenir-numerique\/","title":{"rendered":"Start-ups valaisannes : quel avenir num\u00e9rique ?"},"content":{"rendered":"<p><strong>La crise sanitaire bouleverse les opportunit\u00e9s pour les start-ups et chamboule les usages des outils num\u00e9riques. D\u00e8s lors, on peut se demander \u00e0 quoi ressemblera l\u2019environnement num\u00e9rique des start-ups apr\u00e8s la crise ? Quels seront les impacts de ces changements sur les strat\u00e9gies d\u2019investissement ? Comment se positionner au mieux ? Ces questions seront au c\u0153ur de la rencontre en ligne de ce vendredi !<\/strong><\/p>\n<p>Le <a href=\"https:\/\/www.digital-labor.ch\/fr\" target=\"_blank\" rel=\"noopener\">DigitalLabor<\/a> s\u2019est fix\u00e9 comme objectif de faire un tour de Suisse et d\u2019organiser, au fil des diff\u00e9rentes \u00e9tapes, des d\u00e9bats autour des d\u00e9fis de soci\u00e9t\u00e9 li\u00e9s \u00e0 la digitalisation. Huit \u00e9tapes \u00e0 travers le pays permettent d\u2019esquisser, ensemble, les contours de la Suisse digitale de 2030. Au c\u0153ur de la d\u00e9marche : promouvoir une digitalisation accessible \u00e0 tous et fa\u00e7onn\u00e9e aux besoins de la population. Ces prochains jours, DigitalLab entame sa troisi\u00e8me \u00e9tape, \u00e0 Martigny. Pand\u00e9mie oblige, les diff\u00e9rents \u00e9v\u00e8nements auront lieu en ligne !<\/p>\n<p>Ce vendredi 13 novembre, DigitalLab a invit\u00e9 Isabelle Schirmer, investisseure sp\u00e9cialis\u00e9e dans les technologies. \u00a0En ligne, celle-ci \u00e9changera\u00a0avec les acteurs de l\u2019\u00e9cosyst\u00e8me valaisan, entre\u00a011h et 12h. L\u2019occasion pour les start-ups du canton d\u2019envisager de nouvelles perspectives, en termes de num\u00e9risation.<\/p>\n<p><\/p>\n<p><strong>Deux autres \u00e9v\u00e8nements organis\u00e9s dans la foul\u00e9e<\/strong><\/p>\n<p>Deux autres \u00e9v\u00e8nements sont organis\u00e9s en Valais par DigitalLab, durant cette troisi\u00e8me \u00e9tape. Une soir\u00e9e des visionnaires aura lieu jeudi 12 novembre, \u00e0 20h. Anne-Laure Couchepin (pr\u00e9sidente de Martigny), Neil Beecroft (entrepreneur et co-fondateur de PuraWorka), Pascal Viglino (musicien et fondateur de l\u2019initiative \u201cDans l\u2019jardin\u201d) et Camille Scherrer (interaction designer) se r\u00e9uniront pour discuter des perspectives de notre soci\u00e9t\u00e9 \u00e0 l\u2019horizon 2030. Le 20 novembre, de 11h \u00e0 12h, Max Alter, directeur de Migros Valais, traitera de l\u2019avenir du magasin num\u00e9rique et s\u2019interrogera sur les d\u00e9fis li\u00e9s aux diff\u00e9rents types d\u2019offre (en ligne, stationnaire ou mix).<\/p>\n<p><\/p>\n<p>Vous souhaitez participer \u00e0 l\u2019un de ces \u00e9v\u00e8nements ? L\u2019inscription se fait par mail \u00e0 l\u2019adresse rochel@ethix.ch<\/a>.<\/p>\n<p><strong>Informations compl\u00e9mentaires<\/strong> : <a href=\"https:\/\/www.digital-labor.ch\/fr\/martigny\" target=\"_blank\" rel=\"noopener\">DigitalLab<\/a><\/p>\n<p>\u00a0<\/p>\n<p>\u00a0<\/p>\n","protected":false},"excerpt":{"rendered":"<p>La crise sanitaire bouleverse les opportunit\u00e9s pour les start-ups et chamboule les usages des outils num\u00e9riques. D\u00e8s lors, on peut se demander \u00e0 quoi ressemblera l\u2019environnement num\u00e9rique des start-ups apr\u00e8s la crise ? Quels seront les impacts de ces changements sur les strat\u00e9gies d\u2019investissement ? Comment se positionner au mieux ? Ces questions seront au [&hellip;]<\/p>\n","protected":false},"author":1,"featured_media":44682,"comment_status":"closed","ping_status":"closed","sticky":false,"template":"","format":"standard","meta":{"_acf_changed":false,"footnotes":""},"categories":[186],"tags":[],"class_list":["post-44681","post","type-post","status-publish","format-standard","has-post-thumbnail","hentry","category-digital"],"acf":[],"_links":{"self":[{"href":"https:\/\/theark.ch\/fr\/wp-json\/wp\/v2\/posts\/44681","targetHints":{"allow":["GET"]}}],"collection":[{"href":"https:\/\/theark.ch\/fr\/wp-json\/wp\/v2\/posts"}],"about":[{"href":"https:\/\/theark.ch\/fr\/wp-json\/wp\/v2\/types\/post"}],"author":[{"embeddable":true,"href":"https:\/\/theark.ch\/fr\/wp-json\/wp\/v2\/users\/1"}],"replies":[{"embeddable":true,"href":"https:\/\/theark.ch\/fr\/wp-json\/wp\/v2\/comments?post=44681"}],"version-history":[{"count":1,"href":"https:\/\/theark.ch\/fr\/wp-json\/wp\/v2\/posts\/44681\/revisions"}],"predecessor-version":[{"id":47766,"href":"https:\/\/theark.ch\/fr\/wp-json\/wp\/v2\/posts\/44681\/revisions\/47766"}],"wp:featuredmedia":[{"embeddable":true,"href":"https:\/\/theark.ch\/fr\/wp-json\/wp\/v2\/media\/44682"}],"wp:attachment":[{"href":"https:\/\/theark.ch\/fr\/wp-json\/wp\/v2\/media?parent=44681"}],"wp:term":[{"taxonomy":"category","embeddable":true,"href":"https:\/\/theark.ch\/fr\/wp-json\/wp\/v2\/categories?post=44681"},{"taxonomy":"post_tag","embeddable":true,"href":"https:\/\/theark.ch\/fr\/wp-json\/wp\/v2\/tags?post=44681"}],"curies":[{"name":"wp","href":"https:\/\/api.w.org\/{rel}","templated":true}]}}