{"id":44741,"date":"2020-12-01T10:42:37","date_gmt":"2020-12-01T09:42:37","guid":{"rendered":"http:\/\/theark.ch\/news\/notre-calendrier-de-lavent-2-0-est-lance\/"},"modified":"2020-12-01T10:42:37","modified_gmt":"2020-12-01T08:42:37","slug":"notre-calendrier-de-lavent-2-0-est-lance","status":"publish","type":"post","link":"https:\/\/theark.ch\/fr\/news\/notre-calendrier-de-lavent-2-0-est-lance\/","title":{"rendered":"Notre calendrier de l\u2019Avent 2.0 est lanc\u00e9 !"},"content":{"rendered":"<p><strong>La neige est arriv\u00e9e ce matin sur les plaines valaisannes : il est grand temps pour The Ark de vous partager les premi\u00e8res infos concernant son calendrier de l\u2019Avent digital. Durant ce mois de d\u00e9cembre, notre page Facebook sera anim\u00e9e par de nombreuses publications sp\u00e9ciales, \u00e0 raison de 4 \u00e0 5 fois par semaine ! Des concours, vid\u00e9os, questionnaires en ligne, citations et d\u2019autres surprises sont pr\u00e9vus pour vous aider \u00e0 patienter jusqu\u2019aux f\u00eates de No\u00ebl.\u00a0Restez connect\u00e9s !<\/strong><\/p>\n<p><\/p>\n<p>Chaque ann\u00e9e, le mois de d\u00e9cembre rime avec pr\u00e9paratifs des f\u00eates, vin chaud, esprit de No\u00ebl et cadeaux. 2020 aura \u00e9t\u00e9 une ann\u00e9e particuli\u00e8re sur bien des aspects, mais rien n\u2019emp\u00eache d\u2019amener un peu de r\u00e9jouissances et de surprises en cette fin d\u2019ann\u00e9e, tout en respectant la distanciation sociale !\u00a0<\/p>\n<p>La <a href=\"http:\/\/theark.ch\/\" target=\"_blank\">Fondation The Ark<\/a> souhaite donc partager avec vous son calendrier de l\u2019Avent digital. Pour d\u00e9couvrir tout ce qui se cache dans ce calendrier de l\u2019Avent un peu particulier, il vous suffit de consulter (tr\u00e8s) r\u00e9guli\u00e8rement notre page Facebook. De nombreux concours, vid\u00e9os, citations d\u2019entrepreneurs innovants et articles sp\u00e9ciaux vous attendent, pour pr\u00e9parer ensemble No\u00ebl 2020.<\/p>\n<p>Nous profitons de cet article pour vous remercier de votre fid\u00e9lit\u00e9 et esp\u00e9rons que vous appr\u00e9cierez les infos sp\u00e9ciales que nous vous communiquerons durant cette p\u00e9riode de l\u2019Avent !<\/p>\n<p><\/p>\n<p>\u00a0<\/p>\n","protected":false},"excerpt":{"rendered":"<p>La neige est arriv\u00e9e ce matin sur les plaines valaisannes : il est grand temps pour The Ark de vous partager les premi\u00e8res infos concernant son calendrier de l\u2019Avent digital. Durant ce mois de d\u00e9cembre, notre page Facebook sera anim\u00e9e par de nombreuses publications sp\u00e9ciales, \u00e0 raison de 4 \u00e0 5 fois par semaine ! [&hellip;]<\/p>\n","protected":false},"author":1,"featured_media":44742,"comment_status":"closed","ping_status":"closed","sticky":false,"template":"","format":"standard","meta":{"_acf_changed":false,"footnotes":""},"categories":[186],"tags":[],"class_list":["post-44741","post","type-post","status-publish","format-standard","has-post-thumbnail","hentry","category-digital"],"acf":[],"_links":{"self":[{"href":"https:\/\/theark.ch\/fr\/wp-json\/wp\/v2\/posts\/44741","targetHints":{"allow":["GET"]}}],"collection":[{"href":"https:\/\/theark.ch\/fr\/wp-json\/wp\/v2\/posts"}],"about":[{"href":"https:\/\/theark.ch\/fr\/wp-json\/wp\/v2\/types\/post"}],"author":[{"embeddable":true,"href":"https:\/\/theark.ch\/fr\/wp-json\/wp\/v2\/users\/1"}],"replies":[{"embeddable":true,"href":"https:\/\/theark.ch\/fr\/wp-json\/wp\/v2\/comments?post=44741"}],"version-history":[{"count":0,"href":"https:\/\/theark.ch\/fr\/wp-json\/wp\/v2\/posts\/44741\/revisions"}],"wp:featuredmedia":[{"embeddable":true,"href":"https:\/\/theark.ch\/fr\/wp-json\/wp\/v2\/media\/44742"}],"wp:attachment":[{"href":"https:\/\/theark.ch\/fr\/wp-json\/wp\/v2\/media?parent=44741"}],"wp:term":[{"taxonomy":"category","embeddable":true,"href":"https:\/\/theark.ch\/fr\/wp-json\/wp\/v2\/categories?post=44741"},{"taxonomy":"post_tag","embeddable":true,"href":"https:\/\/theark.ch\/fr\/wp-json\/wp\/v2\/tags?post=44741"}],"curies":[{"name":"wp","href":"https:\/\/api.w.org\/{rel}","templated":true}]}}