{"id":44883,"date":"2021-02-09T11:31:15","date_gmt":"2021-02-09T10:31:15","guid":{"rendered":"http:\/\/theark.ch\/news\/on-va-vers-le-beau-la-rts-en-visite-au-blueark-entremont\/"},"modified":"2025-04-08T15:20:02","modified_gmt":"2025-04-08T13:20:02","slug":"on-va-vers-le-beau-la-rts-en-visite-au-blueark-entremont","status":"publish","type":"post","link":"https:\/\/theark.ch\/fr\/news\/on-va-vers-le-beau-la-rts-en-visite-au-blueark-entremont\/","title":{"rendered":"On va vers le beau\u2009: la RTS en visite au BlueArk Entremont\u2009!"},"content":{"rendered":"<p><strong>Du 9 au 13 f\u00e9vrier, l\u2019\u00e9mission radio \u00ab <a href=\"https:\/\/www.rts.ch\/play\/radio\/on-va-vers-le-beau\/audio\/montagne-en-transition-15-quels-changements-pour-les-communes-?id=11922383\" target=\"_blank\" rel=\"noopener\">On va vers le beau<\/a> \u00bb, d\u00e9di\u00e9e aux enjeux du d\u00e9veloppement durable, fait halte en Valais. Elle a pris ses quartiers dans la r\u00e9gion de l\u2019Entremont afin d\u2019\u00e9voquer les enjeux de la durabilit\u00e9 en r\u00e9gion de montagne. De nombreux interlocuteurs associ\u00e9s au BlueArk Entremont interviennent durant cette \u00e9mission. A \u00e9couter d\u00e8s maintenant !<\/strong><\/p>\n<p>L\u2019\u00e9mission, anim\u00e9e par Jonas Schneiter et Tristan Miquel est diffus\u00e9e tous les jours de la semaine \u00e0 16h30 sur la Radio Suisse Romande. A chaque jour sa th\u00e9matique : la mobilit\u00e9, les utilisations de l\u2019eau, l\u2019hydro\u00e9lectricit\u00e9, l\u2019agriculture de montagne ou encore le tourisme seront abord\u00e9s par des experts. Parmi eux, Jo\u00ebl Di Natale (directeur d\u2019<a href=\"http:\/\/www.altis.swiss\" target=\"_blank\" rel=\"noopener\">ALTIS<\/a>), Eric Nanchen (directeur de la <a href=\"http:\/\/www.fddm.ch\" target=\"_blank\" rel=\"noopener\">Fondation pour le d\u00e9veloppement durable des r\u00e9gions de montagne<\/a>), Alexandre Gillioz (ALTIS), C\u00e9cile M\u00fcnch Allign\u00e9 (<a href=\"http:\/\/www.hevs.ch\" target=\"_blank\" rel=\"noopener\">HES-SO Valais\/Wallis<\/a>), Marianne Milano (<a href=\"http:\/\/www.unil.ch\" target=\"_blank\" rel=\"noopener\">Universit\u00e9 de Lausanne<\/a>), Laurent Vaucher (directeur de <a href=\"http:\/\/www.televerbier.ch\" target=\"_blank\" rel=\"noopener\">T\u00e9l\u00e9verbier<\/a>), Iwann Milenkovic (<a href=\"http:\/\/www.crealp.ch\" target=\"_blank\" rel=\"noopener\">Crealp<\/a>), Florence May (<a href=\"http:\/\/www.tissieres-sa.ch\" target=\"_blank\" rel=\"noopener\">Bureau Tissi\u00e8res<\/a>), Christophe Randin (<a href=\"https:\/\/www.flore-alpe.ch\/fr\/\" target=\"_blank\" rel=\"noopener\">Fondation Flore-Alpe<\/a>), Pascal Tornay, Baptiste Frossard (<a href=\"http:\/\/www.orsieres.ch\" target=\"_blank\" rel=\"noopener\">Commune d\u2019Orsi\u00e8res<\/a>) et Laurent Horvath (<a href=\"http:\/\/www.blueark.ch\" target=\"_blank\" rel=\"noopener\">BlueArk Entremont<\/a>). \u00a0<\/p>\n<p><\/p>\n<p>Cette s\u00e9rie d\u2019\u00e9missions permet de mieux saisir les enjeux auxquels sont confront\u00e9es les r\u00e9gions de montagne en lien avec l\u2019eau et l\u2019\u00e9nergie. C\u2019est \u00e9galement une belle vitrine pour les th\u00e9matiques ch\u00e8res au BlueArk Entremont et ses partenaires \u00e9conomiques et acad\u00e9miques.<\/p>\n<p>\u00a0<\/p>\n<p><strong>Emission \u00ab On va vers le beau \u00bb, \u00e0 retrouver tous les jours sur la RTS, et \u00e0 tout moment <a href=\"https:\/\/www.rts.ch\/play\/radio\/on-va-vers-le-beau\/audio\/montagne-en-transition-15-quels-changements-pour-les-communes-?id=11922383\" target=\"_blank\" rel=\"noopener\">en replay en suivant ce lien<\/a>. <\/strong><\/p>\n<p>\u00a0<\/p>\n<p><strong>Cr\u00e9dit photo<\/strong>: <a href=\"https:\/\/unsplash.com\/@seabas\" target=\"_blank\" rel=\"noopener\">Sebastian Staines<\/a> \/ Unsplash<\/p>\n<p>\u00a0<\/p>\n<p>\u00a0<\/p>\n","protected":false},"excerpt":{"rendered":"<p>Du 9 au 13 f\u00e9vrier, l\u2019\u00e9mission radio \u00ab On va vers le beau \u00bb, d\u00e9di\u00e9e aux enjeux du d\u00e9veloppement durable, fait halte en Valais. Elle a pris ses quartiers dans la r\u00e9gion de l\u2019Entremont afin d\u2019\u00e9voquer les enjeux de la durabilit\u00e9 en r\u00e9gion de montagne. De nombreux interlocuteurs associ\u00e9s au BlueArk Entremont interviennent durant cette [&hellip;]<\/p>\n","protected":false},"author":1,"featured_media":44884,"comment_status":"closed","ping_status":"closed","sticky":false,"template":"","format":"standard","meta":{"_acf_changed":false,"footnotes":""},"categories":[189],"tags":[],"class_list":["post-44883","post","type-post","status-publish","format-standard","has-post-thumbnail","hentry","category-energie"],"acf":[],"_links":{"self":[{"href":"https:\/\/theark.ch\/fr\/wp-json\/wp\/v2\/posts\/44883","targetHints":{"allow":["GET"]}}],"collection":[{"href":"https:\/\/theark.ch\/fr\/wp-json\/wp\/v2\/posts"}],"about":[{"href":"https:\/\/theark.ch\/fr\/wp-json\/wp\/v2\/types\/post"}],"author":[{"embeddable":true,"href":"https:\/\/theark.ch\/fr\/wp-json\/wp\/v2\/users\/1"}],"replies":[{"embeddable":true,"href":"https:\/\/theark.ch\/fr\/wp-json\/wp\/v2\/comments?post=44883"}],"version-history":[{"count":1,"href":"https:\/\/theark.ch\/fr\/wp-json\/wp\/v2\/posts\/44883\/revisions"}],"predecessor-version":[{"id":47761,"href":"https:\/\/theark.ch\/fr\/wp-json\/wp\/v2\/posts\/44883\/revisions\/47761"}],"wp:featuredmedia":[{"embeddable":true,"href":"https:\/\/theark.ch\/fr\/wp-json\/wp\/v2\/media\/44884"}],"wp:attachment":[{"href":"https:\/\/theark.ch\/fr\/wp-json\/wp\/v2\/media?parent=44883"}],"wp:term":[{"taxonomy":"category","embeddable":true,"href":"https:\/\/theark.ch\/fr\/wp-json\/wp\/v2\/categories?post=44883"},{"taxonomy":"post_tag","embeddable":true,"href":"https:\/\/theark.ch\/fr\/wp-json\/wp\/v2\/tags?post=44883"}],"curies":[{"name":"wp","href":"https:\/\/api.w.org\/{rel}","templated":true}]}}