{"id":44909,"date":"2021-03-01T15:41:48","date_gmt":"2021-03-01T14:41:48","guid":{"rendered":"http:\/\/theark.ch\/news\/la-digitalisation-prend-de-limportance-pour-les-entreprises-suisses\/"},"modified":"2021-03-01T15:41:48","modified_gmt":"2021-03-01T13:41:48","slug":"la-digitalisation-prend-de-limportance-pour-les-entreprises-suisses","status":"publish","type":"post","link":"https:\/\/theark.ch\/fr\/news\/la-digitalisation-prend-de-limportance-pour-les-entreprises-suisses\/","title":{"rendered":"La digitalisation prend de l\u2019importance pour les entreprises suisses"},"content":{"rendered":"<p><strong>Les petites et moyennes soci\u00e9t\u00e9s acc\u00e9l\u00e8rent leur transition num\u00e9rique en Suisse. Selon l\u2019\u00e9dition 2020 du \u00ab\u00a0Digital Leadership Barometer\u00a0\u00bb de la Haute \u00e9cole d\u2019\u00e9conomie de Zurich (HWZ), plus de la moiti\u00e9 des entreprises interrog\u00e9es travaillent sur des projets num\u00e9riques.<\/strong><\/p>\n<p>L\u2019\u00e9tude <a href=\"https:\/\/fh-hwz.ch\/news\/digital-leadership-barometer-2020\/\" target=\"_blank\" rel=\"noopener\">Digital Leadership Barometer<\/a> s\u2019int\u00e9resse \u00e0 la mani\u00e8re dont les PME helv\u00e9tiques con\u00e7oivent leurs protocoles de gestion \u00e0 l\u2019\u00e8re du tout num\u00e9rique. En interrogeant les cadres de plus de 200 soci\u00e9t\u00e9s, cette analyse donne un aper\u00e7u des \u00e9volutions de l\u2019\u00e9conomie suisse en mati\u00e8re de management digital.<\/p>\n<p>\u00a0<\/p>\n<p><strong>L\u2019importance strat\u00e9gique de la num\u00e9risation s\u2019intensifie<\/strong><\/p>\n<p>Lors de la premi\u00e8re \u00e9dition du barom\u00e8tre, en 2018, seuls 47% des personnes interrog\u00e9es indiquaient qu\u2019un projet num\u00e9rique \u00e9tait en cours au sein de leur entreprise. Ce chiffre grimpe d\u00e9sormais \u00e0 55%. Une \u00e9volution qui prouve qu\u2019il est d\u00e9sormais impossible de nier l\u2019importance de la num\u00e9risation pour les PME. En moyenne, les sond\u00e9s placent l\u2019importance strat\u00e9gique de la digitalisation \u00e0 81 points sur une \u00e9chelle de 100.<\/p>\n<p>D\u00e9j\u00e0 en marche depuis plusieurs ann\u00e9es, cette dynamique s\u2019est acc\u00e9l\u00e9r\u00e9e avec la crise engendr\u00e9e par l\u2019\u00e9pid\u00e9mie de COVID-19.<\/p>\n<p>Encore 33% des soci\u00e9t\u00e9s sond\u00e9es n\u2019avaient pas de structure d\u00e9di\u00e9e \u00e0 la gestion des activit\u00e9s digitales en 2018. Ce chiffre est en fort recul et se situe d\u00e9sormais \u00e0 22%. Dans 27% des PME, on retrouve aujourd\u2019hui un Central Digital Officer (CDO), soit un cadre en charge des questions num\u00e9riques. Cela repr\u00e9sente huit points de pourcentage de plus qu\u2019en 2018. Environ deux entreprises sur cinq g\u00e8rent \u00e9galement leur transition num\u00e9rique en commun, par exemple au sein de groupes de discussions ou de comit\u00e9s.<\/p>\n<p>\u00a0<\/p>\n<p><strong>Source <\/strong>: <a href=\"https:\/\/www.kmu.admin.ch\/kmu\/fr\/home.html\" target=\"_blank\" rel=\"noopener\">Portail PME<\/a> pour les petites et moyennes entreprises<\/p>\n<p><strong>Cr\u00e9dit photo<\/strong> : <a href=\"https:\/\/unsplash.com\/@marvelous?utm_source=unsplash&#038;utm_medium=referral&#038;utm_content=creditCopyText\" target=\"_blank\" rel=\"noopener\">Marvin Meyer<\/a>\u00a0\/ Unsplash<\/p>\n<p><\/p>\n<p>\u00a0<\/p>\n<p>\u00a0<\/p>\n<p>\u00a0<\/p>\n","protected":false},"excerpt":{"rendered":"<p>Les petites et moyennes soci\u00e9t\u00e9s acc\u00e9l\u00e8rent leur transition num\u00e9rique en Suisse. Selon l\u2019\u00e9dition 2020 du \u00ab\u00a0Digital Leadership Barometer\u00a0\u00bb de la Haute \u00e9cole d\u2019\u00e9conomie de Zurich (HWZ), plus de la moiti\u00e9 des entreprises interrog\u00e9es travaillent sur des projets num\u00e9riques. L\u2019\u00e9tude Digital Leadership Barometer s\u2019int\u00e9resse \u00e0 la mani\u00e8re dont les PME helv\u00e9tiques con\u00e7oivent leurs protocoles de gestion [&hellip;]<\/p>\n","protected":false},"author":1,"featured_media":44910,"comment_status":"closed","ping_status":"closed","sticky":false,"template":"","format":"standard","meta":{"_acf_changed":false,"footnotes":""},"categories":[186],"tags":[],"class_list":["post-44909","post","type-post","status-publish","format-standard","has-post-thumbnail","hentry","category-digital"],"acf":[],"_links":{"self":[{"href":"https:\/\/theark.ch\/fr\/wp-json\/wp\/v2\/posts\/44909","targetHints":{"allow":["GET"]}}],"collection":[{"href":"https:\/\/theark.ch\/fr\/wp-json\/wp\/v2\/posts"}],"about":[{"href":"https:\/\/theark.ch\/fr\/wp-json\/wp\/v2\/types\/post"}],"author":[{"embeddable":true,"href":"https:\/\/theark.ch\/fr\/wp-json\/wp\/v2\/users\/1"}],"replies":[{"embeddable":true,"href":"https:\/\/theark.ch\/fr\/wp-json\/wp\/v2\/comments?post=44909"}],"version-history":[{"count":0,"href":"https:\/\/theark.ch\/fr\/wp-json\/wp\/v2\/posts\/44909\/revisions"}],"wp:featuredmedia":[{"embeddable":true,"href":"https:\/\/theark.ch\/fr\/wp-json\/wp\/v2\/media\/44910"}],"wp:attachment":[{"href":"https:\/\/theark.ch\/fr\/wp-json\/wp\/v2\/media?parent=44909"}],"wp:term":[{"taxonomy":"category","embeddable":true,"href":"https:\/\/theark.ch\/fr\/wp-json\/wp\/v2\/categories?post=44909"},{"taxonomy":"post_tag","embeddable":true,"href":"https:\/\/theark.ch\/fr\/wp-json\/wp\/v2\/tags?post=44909"}],"curies":[{"name":"wp","href":"https:\/\/api.w.org\/{rel}","templated":true}]}}