{"id":44981,"date":"2021-03-15T18:09:02","date_gmt":"2021-03-15T17:09:02","guid":{"rendered":"http:\/\/theark.ch\/news\/family-business-award-entreprises-valaisannes-a-vos-candidatures\/"},"modified":"2021-03-15T18:09:02","modified_gmt":"2021-03-15T16:09:02","slug":"family-business-award-entreprises-valaisannes-a-vos-candidatures","status":"publish","type":"post","link":"https:\/\/theark.ch\/fr\/news\/family-business-award-entreprises-valaisannes-a-vos-candidatures\/","title":{"rendered":"Family Business Award : entreprises valaisannes, \u00e0 vos candidatures !"},"content":{"rendered":"<p style=\"text-align: justify;\"><strong>Le Family Business Award r\u00e9compense les entreprises familiales suisses qui se distinguent par leur esprit entrepreneurial et s\u2019engagent pour le d\u00e9veloppement durable. Le d\u00e9lai d\u2019inscription est le 30 avril 2021. Les PME valaisannes de plus de 25 employ\u00e9s peuvent bien entendu y concourir.\u00a0<\/strong><\/p>\n<p style=\"text-align: justify;\">Les entreprises familiales valaisannes qui s\u2019engagent au quotidien en faveur de l\u2019environnement peuvent s\u2019inscrire si elles emploient plus de 25 collaborateurs, qu\u2019il y a d\u00e9j\u00e0 eu un changement de g\u00e9n\u00e9ration et que la pr\u00e9sidence du conseil d\u2019administration ou de la direction op\u00e9rationnelle soit assur\u00e9e par un membre de la famille. La majorit\u00e9 du capital doit \u00eatre d\u00e9tenu par la famille.<\/p>\n<p style=\"text-align: justify;\">\u00a0<\/p>\n<p style=\"text-align: justify;\"><strong>Les entreprises familiales, garantes de la stabilit\u00e9 de l\u2019\u00e9conomie<\/strong><\/p>\n<p>Le <a href=\"https:\/\/www.family-business-award.ch\/fr.html\" target=\"_blank\" rel=\"noopener\">Family Business Award<\/a> a \u00e9t\u00e9 cr\u00e9\u00e9 par la soci\u00e9t\u00e9 <a href=\"https:\/\/www.amag.ch\/fr.html\" target=\"_blank\" rel=\"noopener\">AMAG<\/a> en 2012, \u00e0 l\u2019occasion du 100e anniversaire de son fondateur, Walter Haefner. Ce concours permet de mettre en avant l\u2019importance des entreprises familiales en Suisse. Il faut savoir que pr\u00e8s de 90% des soci\u00e9t\u00e9s suisses sont des entreprises familiales. \u00a0Celles-ci contribuent au dynamisme \u00e9conomique du pays. Elles cr\u00e9ent des emplois, de la valeur ajout\u00e9e et garantissent la stabilit\u00e9 de l\u2019\u00e9conomie.<\/p>\n<p style=\"text-align: justify;\">L\u2019entreprise valaisanne <a href=\"https:\/\/famillerouvinez.com\/maisons\/rouvinez\/\" target=\"_blank\" rel=\"noopener\">Domaines Rouvinez<\/a> a d\u00e9j\u00e0 remport\u00e9 le Family Business Award ! Les candidatures sont ouvertes jusqu\u2019au 30 avril prochain. N\u2019h\u00e9sitez pas \u00e0 postuler d\u00e8s maintenant\u2009et vous deviendrez peut-\u00eatre la prochaine entreprise familiale valaisanne \u00e0 vous retrouver dans le palmar\u00e8s.<\/p>\n<p style=\"text-align: justify;\">\u00a0<\/p>\n<p style=\"text-align: justify;\"><strong>Source :<\/strong> communiqu\u00e9 de presse Family Business Award<\/p>\n<p>\u00a0<\/p>\n","protected":false},"excerpt":{"rendered":"<p>Le Family Business Award r\u00e9compense les entreprises familiales suisses qui se distinguent par leur esprit entrepreneurial et s\u2019engagent pour le d\u00e9veloppement durable. Le d\u00e9lai d\u2019inscription est le 30 avril 2021. Les PME valaisannes de plus de 25 employ\u00e9s peuvent bien entendu y concourir.\u00a0 Les entreprises familiales valaisannes qui s\u2019engagent au quotidien en faveur de l\u2019environnement [&hellip;]<\/p>\n","protected":false},"author":1,"featured_media":44982,"comment_status":"closed","ping_status":"closed","sticky":false,"template":"","format":"standard","meta":{"_acf_changed":false,"footnotes":""},"categories":[189],"tags":[],"class_list":["post-44981","post","type-post","status-publish","format-standard","has-post-thumbnail","hentry","category-energie"],"acf":[],"_links":{"self":[{"href":"https:\/\/theark.ch\/fr\/wp-json\/wp\/v2\/posts\/44981","targetHints":{"allow":["GET"]}}],"collection":[{"href":"https:\/\/theark.ch\/fr\/wp-json\/wp\/v2\/posts"}],"about":[{"href":"https:\/\/theark.ch\/fr\/wp-json\/wp\/v2\/types\/post"}],"author":[{"embeddable":true,"href":"https:\/\/theark.ch\/fr\/wp-json\/wp\/v2\/users\/1"}],"replies":[{"embeddable":true,"href":"https:\/\/theark.ch\/fr\/wp-json\/wp\/v2\/comments?post=44981"}],"version-history":[{"count":0,"href":"https:\/\/theark.ch\/fr\/wp-json\/wp\/v2\/posts\/44981\/revisions"}],"wp:featuredmedia":[{"embeddable":true,"href":"https:\/\/theark.ch\/fr\/wp-json\/wp\/v2\/media\/44982"}],"wp:attachment":[{"href":"https:\/\/theark.ch\/fr\/wp-json\/wp\/v2\/media?parent=44981"}],"wp:term":[{"taxonomy":"category","embeddable":true,"href":"https:\/\/theark.ch\/fr\/wp-json\/wp\/v2\/categories?post=44981"},{"taxonomy":"post_tag","embeddable":true,"href":"https:\/\/theark.ch\/fr\/wp-json\/wp\/v2\/tags?post=44981"}],"curies":[{"name":"wp","href":"https:\/\/api.w.org\/{rel}","templated":true}]}}