{"id":44985,"date":"2021-03-16T15:13:42","date_gmt":"2021-03-16T14:13:42","guid":{"rendered":"http:\/\/theark.ch\/news\/infrasens-surveille-aussi-la-centrale-nucleaire-de-muhleberg\/"},"modified":"2021-03-16T15:13:42","modified_gmt":"2021-03-16T13:13:42","slug":"infrasens-surveille-aussi-la-centrale-nucleaire-de-muhleberg","status":"publish","type":"post","link":"https:\/\/theark.ch\/fr\/news\/infrasens-surveille-aussi-la-centrale-nucleaire-de-muhleberg\/","title":{"rendered":"Infrasens surveille (aussi) la centrale nucl\u00e9aire de M\u00fchleberg"},"content":{"rendered":"<p><strong>Le c\u0153ur de m\u00e9tier de la start-up Infrasens est la surveillance des infrastructures critiques. Elle est ainsi amen\u00e9e \u00e0 surveiller, gr\u00e2ce \u00e0 ses capteurs high-tech, des centrales nucl\u00e9aires, et notamment le d\u00e9mant\u00e8lement de celle de M\u00fchleberg. La jeune pousse bas\u00e9e \u00e0 Brigue, s\u2019est donn\u00e9e pour mission de rendre les infrastructures plus s\u00fbres, plus durables et plus \u00e9cologiques. \u00a0<\/strong><\/p>\n<p>Au cours des prochaines ann\u00e9es, il faudra recycler environ 3500 tonnes de mat\u00e9riaux, dont une partie est hautement contamin\u00e9e. Actuellement, peu d&#39;entreprises dans le monde peuvent ex\u00e9cuter de telles t\u00e2ches. La jeune entreprise <a href=\"http:\/\/infra-sens.io\/\" target=\"_blank\" rel=\"noopener\">Infrasens<\/a>, accompagn\u00e9e par <a href=\"http:\/\/theark.ch\/\" target=\"_blank\">The Ark<\/a>, a d\u00e9j\u00e0 prouv\u00e9 son savoir-faire en mati\u00e8re de surveillance d&#39;infrastructures critiques dans de nombreuses applications\u202f: la surveillance de la construction et de l&#39;exploitation d&#39;h\u00f4pitaux, de sites de production chimique et biotechnologique ou encore la surveillance de gazoducs pendant le creusement d&#39;un tunnel autoroutier.<\/p>\n<p>\u00a0<\/p>\n<p><strong>Un transport s\u00e9curis\u00e9 gr\u00e2ce \u00e0 la technologie Infrasens\u00a0<\/strong><\/p>\n<p>Pour le cas particulier de M\u00fchleberg, plusieurs capteurs Infrasens veillent \u00e0 ce que le poids des g\u00e9n\u00e9rateurs ne surcharge pas la structure du cadre de levage pendant le transport. En collaboration avec <a href=\"https:\/\/www.hebetec.com\/\" target=\"_blank\" rel=\"noopener\">Hebetec<\/a> (sp\u00e9cialis\u00e9e dans le levage d&#39;infrastructures lourdes et critiques) et <a href=\"https:\/\/www.infratec.eu\/\" target=\"_blank\" rel=\"noopener\">Infratec<\/a> (une soci\u00e9t\u00e9 d&#39;ing\u00e9nierie sp\u00e9cialis\u00e9e dans les applications num\u00e9riques) et sous la supervision comp\u00e9tente de l&#39;Inspection f\u00e9d\u00e9rale de la s\u00e9curit\u00e9 nucl\u00e9aire <a href=\"https:\/\/www.ensi.ch\/fr\/\" target=\"_blank\" rel=\"noopener\">IFSN<\/a>, Infrasens a pu garantir un transport s\u00fbr de ces \u00e9quipements critiques hors de la centrale nucl\u00e9aire de M\u00fchleberg, pour le client <a href=\"https:\/\/www.bkw.ch\/fr\/\" target=\"_blank\" rel=\"noopener\">BKW<\/a>.\u00a0<\/p>\n<p>Comme les g\u00e9n\u00e9rateurs \u00e9taient situ\u00e9s dans la zone s\u00e9curis\u00e9e et que les grues int\u00e9rieures existantes avaient une capacit\u00e9 trop faible, un cadre de levage sp\u00e9cial a \u00e9t\u00e9 install\u00e9 pour d\u00e9placer les g\u00e9n\u00e9rateurs. En principe, des calculs statiques permettent de montrer si le cadre de levage dispose de r\u00e9serves de charge suffisantes. Afin de gagner en s\u00e9curit\u00e9 et en connaissances \u2013 et \u00e9galement pour acc\u00e9l\u00e9rer le processus d&#39;approbation par l&#39;IFSN &#8211; des capteurs ont \u00e9t\u00e9 install\u00e9s sur les composants fortement sollicit\u00e9s.\u00a0<\/p>\n<p>Ces capteurs ont permis de suivre en temps r\u00e9el l&#39;\u00e9volution des contraintes dans les composants. Les contraintes mesur\u00e9es correspondaient aux pr\u00e9dictions des calculs statiques. Gr\u00e2ce \u00e0 la pr\u00e9cision des calculs et des mesures, un niveau de s\u00e9curit\u00e9 \u00e9lev\u00e9 a pu \u00eatre garanti et la construction a pu \u00eatre dimensionn\u00e9e de mani\u00e8re tr\u00e8s efficiente. Ainsi, le concept d\u2019Infrasens et la construction optimis\u00e9e du cadre de levage ont permis de minimiser la charge sur la structure de base. Sans ces optimisations, la structure de base aurait d\u00fb \u00eatre renforc\u00e9e. La jeune pousse de Brigue a ainsi tenu un r\u00f4le important dans cette collaboration entre diff\u00e9rents acteurs du secteur.\u00a0<\/p>\n<p><\/p>\n<p>Apprenez-en d\u2019avantage sur l\u2019entreprise Infrasens en (re)lisant <a href=\"https:\/\/blog.theark.ch\/fr\/detail\/la-start-up-infrasens-en-pleine-croissance%E2%80%AF-10400\" target=\"_blank\">cet article<\/a>\u202f!\u00a0<\/p>\n<p><strong>Source et image<\/strong>\u202f: communiqu\u00e9 de presse Infrasens\u00a0<\/p>\n<p>\u00a0<\/p>\n<p><\/p>\n<p>\u00a0<\/p>\n","protected":false},"excerpt":{"rendered":"<p>Le c\u0153ur de m\u00e9tier de la start-up Infrasens est la surveillance des infrastructures critiques. Elle est ainsi amen\u00e9e \u00e0 surveiller, gr\u00e2ce \u00e0 ses capteurs high-tech, des centrales nucl\u00e9aires, et notamment le d\u00e9mant\u00e8lement de celle de M\u00fchleberg. La jeune pousse bas\u00e9e \u00e0 Brigue, s\u2019est donn\u00e9e pour mission de rendre les infrastructures plus s\u00fbres, plus durables et [&hellip;]<\/p>\n","protected":false},"author":1,"featured_media":44986,"comment_status":"closed","ping_status":"closed","sticky":false,"template":"","format":"standard","meta":{"_acf_changed":false,"footnotes":""},"categories":[196],"tags":[],"class_list":["post-44985","post","type-post","status-publish","format-standard","has-post-thumbnail","hentry","category-mecanique"],"acf":[],"_links":{"self":[{"href":"https:\/\/theark.ch\/fr\/wp-json\/wp\/v2\/posts\/44985","targetHints":{"allow":["GET"]}}],"collection":[{"href":"https:\/\/theark.ch\/fr\/wp-json\/wp\/v2\/posts"}],"about":[{"href":"https:\/\/theark.ch\/fr\/wp-json\/wp\/v2\/types\/post"}],"author":[{"embeddable":true,"href":"https:\/\/theark.ch\/fr\/wp-json\/wp\/v2\/users\/1"}],"replies":[{"embeddable":true,"href":"https:\/\/theark.ch\/fr\/wp-json\/wp\/v2\/comments?post=44985"}],"version-history":[{"count":0,"href":"https:\/\/theark.ch\/fr\/wp-json\/wp\/v2\/posts\/44985\/revisions"}],"wp:featuredmedia":[{"embeddable":true,"href":"https:\/\/theark.ch\/fr\/wp-json\/wp\/v2\/media\/44986"}],"wp:attachment":[{"href":"https:\/\/theark.ch\/fr\/wp-json\/wp\/v2\/media?parent=44985"}],"wp:term":[{"taxonomy":"category","embeddable":true,"href":"https:\/\/theark.ch\/fr\/wp-json\/wp\/v2\/categories?post=44985"},{"taxonomy":"post_tag","embeddable":true,"href":"https:\/\/theark.ch\/fr\/wp-json\/wp\/v2\/tags?post=44985"}],"curies":[{"name":"wp","href":"https:\/\/api.w.org\/{rel}","templated":true}]}}