{"id":45013,"date":"2021-03-18T13:00:23","date_gmt":"2021-03-18T12:00:23","guid":{"rendered":"http:\/\/theark.ch\/news\/une-formation-sur-la-gouvernance-dentreprise-proposee-par-la-hes-so-valais-wallis\/"},"modified":"2021-03-18T13:00:23","modified_gmt":"2021-03-18T11:00:23","slug":"une-formation-sur-la-gouvernance-dentreprise-proposee-par-la-hes-so-valais-wallis","status":"publish","type":"post","link":"https:\/\/theark.ch\/fr\/news\/une-formation-sur-la-gouvernance-dentreprise-proposee-par-la-hes-so-valais-wallis\/","title":{"rendered":"Une formation sur la gouvernance d\u2019entreprise propos\u00e9e par la HES-SO Valais-Wallis"},"content":{"rendered":"<p><strong>La <a href=\"https:\/\/www.hevs.ch\/fr\/\" target=\"_blank\" rel=\"noopener\">HES-SO Valais-Wallis<\/a> organise un CAS en partenariat avec l&#39;<a href=\"https:\/\/www.vs.ch\/web\/sef\" target=\"_blank\" rel=\"noopener\">Office cantonal de l&#39;\u00e9galit\u00e9 et de la famille <\/a>du Canton du Valais. Cette nouvelle formation s\u2019adresse notamment aux futurs dirigeantes et dirigeants de PME valaisannes. Le premier module d\u00e9butera au d\u00e9but mai de cette ann\u00e9e. Toutes les informations sont disponibles sur le <a href=\"https:\/\/www.hevs.ch\/fr\/hautes-ecoles\/haute-ecole-de-gestion\/economie-d-entreprise\/autres-formations\/formation-continue\/cas\/gestion\/cas-hes-so-en-gouvernance-d-entreprise-25315\" target=\"_blank\" rel=\"noopener\">site d\u00e9di\u00e9<\/a>.<\/strong><\/p>\n<p>Les fonctions d\u2019un conseil d\u2019administration et la gouvernance d\u2019entreprise demandent un professionnalisme croissant. La strat\u00e9gie est au c\u0153ur des discussions, les risques juridiques et financiers ainsi que l\u2019\u00e9volution des outils digitaux impliquent une importante formation continue pour rester au top du pilotage d\u2019entreprise. Ce CAS apportera les m\u00e9thodes n\u00e9cessaires pour administrer au mieux les entreprises d&#39;aujourd&#39;hui et de demain.<\/p>\n<p>Cette formation pratique est destin\u00e9e aux membres de conseils d\u2019administration des entreprises priv\u00e9es ou publiques, aux dirigeant-e-s ainsi qu\u2019aux cadres. Elle s\u2019adresse \u00e9galement aux personnes d\u00e9sirant approfondir leurs comp\u00e9tences et connaissances en mati\u00e8re de gouvernance, membres de conseil d\u2019administration, d\u2019une direction ou personnes d\u00e9sireuses d\u2019y acc\u00e9der. Les participantes et participants d\u00e9couvriront des outils pratiques pour exercer leur fonction.<\/p>\n<p>La formation se compose de quatre modules. Le premier module a pour objet la strat\u00e9gie d\u2019entreprise et d\u00e9butera en mai.\u00a0<\/p>\n<p>Les informations compl\u00e9mentaires ainsi que les modalit\u00e9s d\u2019inscription se trouvent sur le site de la HES-SO Valais-Wallis.<\/p>\n<p>\u00a0<\/p>\n<p><strong>Source et image<\/strong> : HES-SO Valais-Wallis<\/p>\n<p>\u00a0<\/p>\n","protected":false},"excerpt":{"rendered":"<p>La HES-SO Valais-Wallis organise un CAS en partenariat avec l&#39;Office cantonal de l&#39;\u00e9galit\u00e9 et de la famille du Canton du Valais. Cette nouvelle formation s\u2019adresse notamment aux futurs dirigeantes et dirigeants de PME valaisannes. Le premier module d\u00e9butera au d\u00e9but mai de cette ann\u00e9e. Toutes les informations sont disponibles sur le site d\u00e9di\u00e9. Les fonctions [&hellip;]<\/p>\n","protected":false},"author":1,"featured_media":45014,"comment_status":"closed","ping_status":"closed","sticky":false,"template":"","format":"standard","meta":{"_acf_changed":false,"footnotes":""},"categories":[186],"tags":[],"class_list":["post-45013","post","type-post","status-publish","format-standard","has-post-thumbnail","hentry","category-digital"],"acf":[],"_links":{"self":[{"href":"https:\/\/theark.ch\/fr\/wp-json\/wp\/v2\/posts\/45013","targetHints":{"allow":["GET"]}}],"collection":[{"href":"https:\/\/theark.ch\/fr\/wp-json\/wp\/v2\/posts"}],"about":[{"href":"https:\/\/theark.ch\/fr\/wp-json\/wp\/v2\/types\/post"}],"author":[{"embeddable":true,"href":"https:\/\/theark.ch\/fr\/wp-json\/wp\/v2\/users\/1"}],"replies":[{"embeddable":true,"href":"https:\/\/theark.ch\/fr\/wp-json\/wp\/v2\/comments?post=45013"}],"version-history":[{"count":0,"href":"https:\/\/theark.ch\/fr\/wp-json\/wp\/v2\/posts\/45013\/revisions"}],"wp:featuredmedia":[{"embeddable":true,"href":"https:\/\/theark.ch\/fr\/wp-json\/wp\/v2\/media\/45014"}],"wp:attachment":[{"href":"https:\/\/theark.ch\/fr\/wp-json\/wp\/v2\/media?parent=45013"}],"wp:term":[{"taxonomy":"category","embeddable":true,"href":"https:\/\/theark.ch\/fr\/wp-json\/wp\/v2\/categories?post=45013"},{"taxonomy":"post_tag","embeddable":true,"href":"https:\/\/theark.ch\/fr\/wp-json\/wp\/v2\/tags?post=45013"}],"curies":[{"name":"wp","href":"https:\/\/api.w.org\/{rel}","templated":true}]}}