{"id":45017,"date":"2021-03-22T15:24:54","date_gmt":"2021-03-22T14:24:54","guid":{"rendered":"http:\/\/theark.ch\/news\/le-campus-energypolis-cest-du-concret\/"},"modified":"2021-03-22T15:24:54","modified_gmt":"2021-03-22T13:24:54","slug":"le-campus-energypolis-cest-du-concret","status":"publish","type":"post","link":"https:\/\/theark.ch\/fr\/news\/le-campus-energypolis-cest-du-concret\/","title":{"rendered":"Le Campus Energypolis, c\u2019est du concret\u202f!"},"content":{"rendered":"<p><strong>En janvier dernier, le Nouvelliste a \u00e9dit\u00e9 un suppl\u00e9ment consacr\u00e9 au Campus Energypolis. Ce projet, d\u00e9but\u00e9 en 2011, r\u00e9unit quatre partenaires, dont la Fondation The Ark, et permet de valoriser les projets de recherche issus de l\u2019EPFL Valais Wallis ou de la HES-SO Valais-Wallis et de favoriser les \u00e9changes entre la science et les acteurs \u00e9conomiques. De nouvelles synergies sont en train de se cr\u00e9er sur ce p\u00f4le d\u2019innovation qui fait la fiert\u00e9 du Valais.<\/strong><\/p>\n<p><\/p>\n<p>Dans ce suppl\u00e9ment du Nouvelliste, diff\u00e9rents articles font r\u00e9f\u00e9rence \u00e0 la <a href=\"http:\/\/theark.ch\/\" target=\"_blank\">Fondation The Ark<\/a>. Le <a href=\"https:\/\/www.energypolis.ch\/\" target=\"_blank\" rel=\"noopener\">Campus Energypolis<\/a> r\u00e9unit quatre partenaires\u202f: le <a href=\"https:\/\/www.vs.ch\/\" target=\"_blank\" rel=\"noopener\">Canton du Valais<\/a>, l\u2019<a href=\"https:\/\/www.epfl.ch\/about\/campus\/fr\/valais-fr\/\" target=\"_blank\" rel=\"noopener\">EPFL Valais Wallis<\/a>, la <a href=\"https:\/\/www.hevs.ch\/fr\/\" target=\"_blank\" rel=\"noopener\">HES-SO Valais\/Wallis<\/a> et The Ark. Au c\u0153ur de ce projet d\u2019envergure, la compl\u00e9mentarit\u00e9 entre les diff\u00e9rents acteurs a permis d\u2019avancer efficacement\u202f: l\u2019inauguration du Campus aura lieu cette ann\u00e9e et les premiers laboratoires de la HES-SO Valais\/Wallis sont d\u00e9j\u00e0 fonctionnels\u202f!\u00a0<\/p>\n<p>Le d\u00e9veloppement de ce projet a pour objectif d\u2019acc\u00e9l\u00e9rer le transfert des technologies entre la partie recherche en laboratoire et le c\u00f4t\u00e9 plus \u00e9conomique, avec des solutions concr\u00e8tes \u00e0 proposer sur le march\u00e9. \u00ab\u202fLa Suisse fait partie des pays o\u00f9 le \u00ab\u202ftime to market\u202f\u00bb est parmi les plus rapides au monde. Le but est d\u2019acc\u00e9l\u00e9rer ce processus\u202f\u00bb explique au Nouvelliste Ga\u00ebtan Cherix, directeur de la <a href=\"https:\/\/www.hevs.ch\/fr\/hautes-ecoles\/haute-ecole-d-ingenierie\/\" target=\"_blank\" rel=\"noopener\">Haute Ecole d\u2019Ing\u00e9nierie (HEI)<\/a>.\u00a0<\/p>\n<p>\u00a0<\/p>\n<p><strong>Faire le lien entre la recherche appliqu\u00e9e et les entreprises\u00a0<\/strong><\/p>\n<p>Quelle place occupe The Ark dans ce partenariat\u202f? La Fondation intervient plut\u00f4t \u00e0 l\u2019\u00e9tape de mise sur le march\u00e9 des produits \u00ab\u202fUne de nos missions est de faire le lien entre la recherche appliqu\u00e9e et les entreprises valaisannes\u202f\u00bb, d\u00e9taille Fr\u00e9d\u00e9ric Bagnoud, secr\u00e9taire g\u00e9n\u00e9ral de The Ark. Le Nouvelliste fait \u00e9galement mention du r\u00e9seau de The Ark, dont la HEI profite d\u00e9j\u00e0. En effet, 80% des projets de l\u2019institution se font en partenariat avec des PME de la r\u00e9gion.\u00a0<\/p>\n<p>Le r\u00e9seau de l\u2019EPFL est cependant diff\u00e9rent, pr\u00e9cise le Nouvelliste. Marc-Andr\u00e9 Berclaz, directeur de l\u2019EPFL Valais Wallis, explique\u00a0que celui-ci peut \u00eatre utile aux PME locales et \u00e0 la HES-SO Valais-Wallis, \u00ab\u202fnotamment pour les ouvrir \u00e0 de nouveaux mod\u00e8les d\u2019affaires.\u202f\u00bb\u202f\u00a0Dans tous les cas, ces deux \u00e9coles repr\u00e9sentent d\u2019importants pourvoyeurs de projets innovants.<\/p>\n<p>\u00a0<\/p>\n<p><strong>Nouveaux locaux pour The Ark\u00a0<\/strong><\/p>\n<p>The Ark disposera prochainement de nouveaux locaux sur le site d\u2019<a href=\"https:\/\/www.energypolis.ch\/\" target=\"_blank\" rel=\"noopener\">Energypolis<\/a>, dont une quinzaine de places pour les start-up qu\u2019elle soutient via son Incubateur. \u00ab\u202fEn se rapprochant g\u00e9ographiquement, nous esp\u00e9rons cr\u00e9er une \u00e9mulation entre les chercheurs pr\u00e9sents sur le site et les start-up\u202f\u00bb, conclut Fr\u00e9d\u00e9ric Bagnoud.\u00a0<\/p>\n<p>\u00a0<\/p>\n<p>Retrouvez le suppl\u00e9ment consacr\u00e9 au Campus Energypolis en suivant <a href=\"https:\/\/journaldigital.lenouvelliste.ch\/nouvelliste\/suppl\/free\/2021-01-15\/view#p=\" target=\"_blank\" rel=\"noopener\">ce lien<\/a>.<\/p>\n<p>\u00a0<\/p>\n<p>\u00a0<\/p>\n","protected":false},"excerpt":{"rendered":"<p>En janvier dernier, le Nouvelliste a \u00e9dit\u00e9 un suppl\u00e9ment consacr\u00e9 au Campus Energypolis. Ce projet, d\u00e9but\u00e9 en 2011, r\u00e9unit quatre partenaires, dont la Fondation The Ark, et permet de valoriser les projets de recherche issus de l\u2019EPFL Valais Wallis ou de la HES-SO Valais-Wallis et de favoriser les \u00e9changes entre la science et les acteurs [&hellip;]<\/p>\n","protected":false},"author":1,"featured_media":45018,"comment_status":"closed","ping_status":"closed","sticky":false,"template":"","format":"standard","meta":{"_acf_changed":false,"footnotes":""},"categories":[186],"tags":[],"class_list":["post-45017","post","type-post","status-publish","format-standard","has-post-thumbnail","hentry","category-digital"],"acf":[],"_links":{"self":[{"href":"https:\/\/theark.ch\/fr\/wp-json\/wp\/v2\/posts\/45017","targetHints":{"allow":["GET"]}}],"collection":[{"href":"https:\/\/theark.ch\/fr\/wp-json\/wp\/v2\/posts"}],"about":[{"href":"https:\/\/theark.ch\/fr\/wp-json\/wp\/v2\/types\/post"}],"author":[{"embeddable":true,"href":"https:\/\/theark.ch\/fr\/wp-json\/wp\/v2\/users\/1"}],"replies":[{"embeddable":true,"href":"https:\/\/theark.ch\/fr\/wp-json\/wp\/v2\/comments?post=45017"}],"version-history":[{"count":0,"href":"https:\/\/theark.ch\/fr\/wp-json\/wp\/v2\/posts\/45017\/revisions"}],"wp:featuredmedia":[{"embeddable":true,"href":"https:\/\/theark.ch\/fr\/wp-json\/wp\/v2\/media\/45018"}],"wp:attachment":[{"href":"https:\/\/theark.ch\/fr\/wp-json\/wp\/v2\/media?parent=45017"}],"wp:term":[{"taxonomy":"category","embeddable":true,"href":"https:\/\/theark.ch\/fr\/wp-json\/wp\/v2\/categories?post=45017"},{"taxonomy":"post_tag","embeddable":true,"href":"https:\/\/theark.ch\/fr\/wp-json\/wp\/v2\/tags?post=45017"}],"curies":[{"name":"wp","href":"https:\/\/api.w.org\/{rel}","templated":true}]}}