{"id":45071,"date":"2021-04-13T11:18:05","date_gmt":"2021-04-13T09:18:05","guid":{"rendered":"http:\/\/theark.ch\/news\/valais-un-premier-trimestre-marque-par-de-nombreuses-entreprises-creees\/"},"modified":"2021-04-13T11:18:05","modified_gmt":"2021-04-13T09:18:05","slug":"valais-un-premier-trimestre-marque-par-de-nombreuses-entreprises-creees","status":"publish","type":"post","link":"https:\/\/theark.ch\/fr\/news\/valais-un-premier-trimestre-marque-par-de-nombreuses-entreprises-creees\/","title":{"rendered":"Valais\u202f: un premier trimestre marqu\u00e9 par de nombreuses entreprises cr\u00e9\u00e9es\u202f!"},"content":{"rendered":"<p><strong>Le boom de la cr\u00e9ation d\u2019entreprises se poursuit avec un nombre record de nouvelles inscriptions au registre du commerce enregistr\u00e9 pour le premier trimestre 2021. Le Valais connait \u00e9galement cette tendance\u202f: en comparaison avec l\u2019ann\u00e9e 2020, le nombre de nouvelles entreprises cr\u00e9\u00e9es a augment\u00e9 de 11%.\u00a0<\/strong><\/p>\n<p>Une analyse nationale r\u00e9alis\u00e9e par l&#39;<a href=\"https:\/\/www.ifj.ch\/fr\" target=\"_blank\" rel=\"noopener\">Institut pour les jeunes entreprises<\/a> vient d\u2019\u00eatre publi\u00e9e. Elle chiffre le nombre de nouvelles entreprises cr\u00e9\u00e9es en Suisse \u00e0 13&#39;166, au cours des trois premiers mois de 2021. Cela repr\u00e9sente une forte augmentation de 15% par rapport au m\u00eame trimestre de l&#39;ann\u00e9e derni\u00e8re. Sur les cinq derni\u00e8res ann\u00e9es, ce nombre n\u2019avait jamais \u00e9t\u00e9 aussi \u00e9lev\u00e9. Un signe que l\u2019esprit entrepreneurial est bien pr\u00e9sent en Suisse, malgr\u00e9 une situation incertaine li\u00e9e \u00e0 la pand\u00e9mie.\u00a0<\/p>\n<p>Les secteurs d\u2019activit\u00e9s les plus touch\u00e9s par cette croissance sont le commerce de d\u00e9tail (+48%), l\u2019agriculture et la sylviculture (+48%), l\u2019immobilier (+31%) et l\u2019impression et l\u2019\u00e9dition (+29%).\u00a0<\/p>\n<p><\/p>\n<p><strong>Une augmentation de 11% pour le Valais<\/strong>\u00a0<\/p>\n<p>Le Valais fait partie des cantons dont le nombre de nouvelles entreprises cr\u00e9\u00e9es durant ce premier trimestre d\u00e9passe les 10%. Avec 564 jeunes pousses initi\u00e9es, ce d\u00e9but d\u2019ann\u00e9e 2021 a \u00e9t\u00e9 plus prosp\u00e8re que l\u2019ann\u00e9e pr\u00e9c\u00e9dente o\u00f9 510 soci\u00e9t\u00e9s avaient \u00e9t\u00e9 cr\u00e9\u00e9es durant les trois premiers mois. Sur 26 cantons, 15 connaissent une augmentation des nouvelles cr\u00e9ations sup\u00e9rieure \u00e0 10%.\u00a0<\/p>\n<p>\u00a0<\/p>\n<p><strong>La S\u00e0rl est la forme juridique la plus utilis\u00e9e en ce premier trimestre<\/strong>\u00a0<\/p>\n<p>L\u2019analyse de l\u2019Institut pour les jeunes entreprises d\u00e9taille \u00e9galement les formes juridiques choisies par les nouvelles soci\u00e9t\u00e9s. Avec 5\u2019003 cr\u00e9ations, la soci\u00e9t\u00e9 \u00e0 responsabilit\u00e9 limit\u00e9e (S\u00e0rl) est la forme juridique la plus populaire pour d\u00e9marrer une nouvelle entreprise. Par rapport \u00e0 l&#39;ann\u00e9e pr\u00e9c\u00e9dente, l&#39;Office du registre du commerce a m\u00eame enregistr\u00e9 10% d&#39;inscriptions en plus qu\u2019au premier trimestre 2021. Viennent ensuite la raison individuelle (4\u2019571 enregistrements), la soci\u00e9t\u00e9 anonyme (2\u2019378 enregistrements) et la soci\u00e9t\u00e9 en nom collectif (417 nouveaux enregistrements).\u00a0<\/p>\n<p>\u00a0<\/p>\n<p><strong>Source<\/strong>\u202f: IFJ<\/p>\n<p>\u00a0<\/p>\n","protected":false},"excerpt":{"rendered":"<p>Le boom de la cr\u00e9ation d\u2019entreprises se poursuit avec un nombre record de nouvelles inscriptions au registre du commerce enregistr\u00e9 pour le premier trimestre 2021. Le Valais connait \u00e9galement cette tendance\u202f: en comparaison avec l\u2019ann\u00e9e 2020, le nombre de nouvelles entreprises cr\u00e9\u00e9es a augment\u00e9 de 11%.\u00a0 Une analyse nationale r\u00e9alis\u00e9e par l&#39;Institut pour les jeunes [&hellip;]<\/p>\n","protected":false},"author":1,"featured_media":45072,"comment_status":"closed","ping_status":"closed","sticky":false,"template":"","format":"standard","meta":{"_acf_changed":false,"footnotes":""},"categories":[186],"tags":[],"class_list":["post-45071","post","type-post","status-publish","format-standard","has-post-thumbnail","hentry","category-digital"],"acf":[],"_links":{"self":[{"href":"https:\/\/theark.ch\/fr\/wp-json\/wp\/v2\/posts\/45071","targetHints":{"allow":["GET"]}}],"collection":[{"href":"https:\/\/theark.ch\/fr\/wp-json\/wp\/v2\/posts"}],"about":[{"href":"https:\/\/theark.ch\/fr\/wp-json\/wp\/v2\/types\/post"}],"author":[{"embeddable":true,"href":"https:\/\/theark.ch\/fr\/wp-json\/wp\/v2\/users\/1"}],"replies":[{"embeddable":true,"href":"https:\/\/theark.ch\/fr\/wp-json\/wp\/v2\/comments?post=45071"}],"version-history":[{"count":0,"href":"https:\/\/theark.ch\/fr\/wp-json\/wp\/v2\/posts\/45071\/revisions"}],"wp:featuredmedia":[{"embeddable":true,"href":"https:\/\/theark.ch\/fr\/wp-json\/wp\/v2\/media\/45072"}],"wp:attachment":[{"href":"https:\/\/theark.ch\/fr\/wp-json\/wp\/v2\/media?parent=45071"}],"wp:term":[{"taxonomy":"category","embeddable":true,"href":"https:\/\/theark.ch\/fr\/wp-json\/wp\/v2\/categories?post=45071"},{"taxonomy":"post_tag","embeddable":true,"href":"https:\/\/theark.ch\/fr\/wp-json\/wp\/v2\/tags?post=45071"}],"curies":[{"name":"wp","href":"https:\/\/api.w.org\/{rel}","templated":true}]}}