{"id":45143,"date":"2021-05-06T10:41:07","date_gmt":"2021-05-06T08:41:07","guid":{"rendered":"http:\/\/theark.ch\/news\/lonza-investit-encore-650-millions-de-francs-a-viege\/"},"modified":"2021-05-06T10:41:07","modified_gmt":"2021-05-06T08:41:07","slug":"lonza-investit-encore-650-millions-de-francs-a-viege","status":"publish","type":"post","link":"https:\/\/theark.ch\/fr\/news\/lonza-investit-encore-650-millions-de-francs-a-viege\/","title":{"rendered":"Lonza investit (encore) 650 millions de francs \u00e0 Vi\u00e8ge !"},"content":{"rendered":"<p><strong>L\u2019entreprise <a href=\"http:\/\/www.lonza.com\" target=\"_blank\" rel=\"noopener\">Lonza<\/a> poursuit le d\u00e9veloppement de son site de fabrication de Vi\u00e8ge. Elle vient d\u2019annoncer de nouveaux investissements, de l\u2019ordre de 650 millions de francs, pour la construction de nouvelles installations de fabrications de m\u00e9dicaments biologiques. Cette nouvelle expansion devrait \u00eatre op\u00e9rationnelle en 2024 et permettre l\u2019engagement de 300 nouveaux collaborateurs. Cet investissement s\u2019ajoute \u00e0 ceux d\u00e9j\u00e0 annonc\u00e9s ces derniers mois, en lien avec le vaccin Moderna, mais \u00e9galement \u00e0 d\u2019autres projets de biotechnologie. Le boost de Lonza dans le Haut-Valais est donc bien r\u00e9el et devrait b\u00e9n\u00e9ficier \u00e0 tout le canton ! \u00a0<\/strong><\/p>\n<p><\/p>\n<p>Les nouvelles infrastructures de Vi\u00e8ge consistent en une nouvelle usine de fabrication de substances m\u00e9dicamenteuses issues de cellules mammif\u00e8res. Cela permettra la mise en service de six bior\u00e9acteurs de 20\u2019000 litres, r\u00e9pondant ainsi \u00e0 la demande croissante du march\u00e9 des produits biologiques. La nouvelle installation aura une superficie d&#39;environ 27 500 m2, pr\u00e9cise jeudi Lonza dans un communiqu\u00e9 de presse.<\/p>\n<p><\/p>\n<p><strong>Efficacit\u00e9 \u00e9nerg\u00e9tique et utilisation rationnelle de l\u2019eau<\/strong><\/p>\n<p>L&#39;investissement permettra d&#39;augmenter la capacit\u00e9 de fabrication de produits biologiques \u00e0 grande \u00e9chelle. Les installations ultramodernes seront con\u00e7ues pour accueillir la prochaine g\u00e9n\u00e9ration de produits biologiques. Elles seront en outre optimis\u00e9es en termes d&#39;efficacit\u00e9 \u00e9nerg\u00e9tique et d\u2019utilisation de l&#39;eau. La nouvelle infrastructure sera achev\u00e9e en 2024. Elle viendra compl\u00e9ter le r\u00e9seau mondial de Lonza \u00e0 Tuas (Singapour), Portsmouth (USA) et Porri\u00f1o (Espagne).<\/p>\n<p><\/p>\n<p>Le recrutement a d\u00e9j\u00e0 commenc\u00e9 chez Lonza. Plus de 300 nouveaux emplois seront ainsi cr\u00e9\u00e9s \u00e0 Vi\u00e8ge. L\u2019entreprise annonce \u00e9galement de nouveaux investissements et 250 nouveaux postes cr\u00e9\u00e9s \u00e0\u00a0 Portsmouth. \u00a0<\/p>\n<p>\u00a0<\/p>\n<p><strong>Source et cr\u00e9dit photo<\/strong> : Lonza<\/p>\n<p>\u00a0<\/p>\n<p>\u00a0<\/p>\n","protected":false},"excerpt":{"rendered":"<p>L\u2019entreprise Lonza poursuit le d\u00e9veloppement de son site de fabrication de Vi\u00e8ge. Elle vient d\u2019annoncer de nouveaux investissements, de l\u2019ordre de 650 millions de francs, pour la construction de nouvelles installations de fabrications de m\u00e9dicaments biologiques. Cette nouvelle expansion devrait \u00eatre op\u00e9rationnelle en 2024 et permettre l\u2019engagement de 300 nouveaux collaborateurs. Cet investissement s\u2019ajoute \u00e0 [&hellip;]<\/p>\n","protected":false},"author":1,"featured_media":45144,"comment_status":"closed","ping_status":"closed","sticky":false,"template":"","format":"standard","meta":{"_acf_changed":false,"footnotes":""},"categories":[190],"tags":[],"class_list":["post-45143","post","type-post","status-publish","format-standard","has-post-thumbnail","hentry","category-biotechnologies"],"acf":[],"_links":{"self":[{"href":"https:\/\/theark.ch\/fr\/wp-json\/wp\/v2\/posts\/45143","targetHints":{"allow":["GET"]}}],"collection":[{"href":"https:\/\/theark.ch\/fr\/wp-json\/wp\/v2\/posts"}],"about":[{"href":"https:\/\/theark.ch\/fr\/wp-json\/wp\/v2\/types\/post"}],"author":[{"embeddable":true,"href":"https:\/\/theark.ch\/fr\/wp-json\/wp\/v2\/users\/1"}],"replies":[{"embeddable":true,"href":"https:\/\/theark.ch\/fr\/wp-json\/wp\/v2\/comments?post=45143"}],"version-history":[{"count":0,"href":"https:\/\/theark.ch\/fr\/wp-json\/wp\/v2\/posts\/45143\/revisions"}],"wp:featuredmedia":[{"embeddable":true,"href":"https:\/\/theark.ch\/fr\/wp-json\/wp\/v2\/media\/45144"}],"wp:attachment":[{"href":"https:\/\/theark.ch\/fr\/wp-json\/wp\/v2\/media?parent=45143"}],"wp:term":[{"taxonomy":"category","embeddable":true,"href":"https:\/\/theark.ch\/fr\/wp-json\/wp\/v2\/categories?post=45143"},{"taxonomy":"post_tag","embeddable":true,"href":"https:\/\/theark.ch\/fr\/wp-json\/wp\/v2\/tags?post=45143"}],"curies":[{"name":"wp","href":"https:\/\/api.w.org\/{rel}","templated":true}]}}