{"id":45171,"date":"2021-05-26T14:06:57","date_gmt":"2021-05-26T12:06:57","guid":{"rendered":"http:\/\/theark.ch\/news\/digital-team-academy-cursus-novateur-pour-le-bachelor-en-informatique-de-gestion-hes\/"},"modified":"2025-04-08T15:18:53","modified_gmt":"2025-04-08T13:18:53","slug":"digital-team-academy-cursus-novateur-pour-le-bachelor-en-informatique-de-gestion-hes","status":"publish","type":"post","link":"https:\/\/theark.ch\/fr\/news\/digital-team-academy-cursus-novateur-pour-le-bachelor-en-informatique-de-gestion-hes\/","title":{"rendered":"Digital Team Academy\u202f: cursus novateur pour le bachelor en Informatique de Gestion HES"},"content":{"rendered":"<p><strong>Le nouveau cursus de formation Digital Team Academy de la HES-SO Valais-Wallis \u00e0 Sierre mise sur l&#39;acquisition des soft-skills et de solides comp\u00e9tences techniques et individuelles afin de r\u00e9pondre au mieux aux d\u00e9fis technologiques actuels et futurs. Il m\u00e8ne \u00e0 l&#39;obtention d\u2019un Bachelor HES en informatique de gestion\u00a0<\/strong><\/p>\n<p>La transformation digitale de notre soci\u00e9t\u00e9 s&#39;acc\u00e9l\u00e8re jour apr\u00e8s jour. Ces changements soci\u00e9taux et technologiques font que le professionnel de l\u2019informatique doit \u00eatre capable de d\u00e9velopper des nouvelles comp\u00e9tences tout au long de sa vie active. C&#39;est pourquoi la <a href=\"https:\/\/www.hevs.ch\/fr\/\" target=\"_blank\" rel=\"noopener\">HES-SO Valais-Wallis<\/a> de Sierre propose d\u00e8s septembre 2021 un cursus qui place l\u2019\u00e9tudiant\u00b7e au centre de l\u2019apprentissage. Les professeurs se transforment en coachs et les examens en \u00e9valuations \u00e0 360 degr\u00e9s.\u00a0<\/p>\n<p>\u00a0<\/p>\n<p><strong>Un cursus de formation unique et novateur pour les informaticien\u00b7ne\u00b7s de demain\u00a0<\/strong><\/p>\n<p>Pour devenir informaticien\u00b7ne de gestion HES, le cursus Digital Team Academy valorise l&#39;autonomie, la cr\u00e9ativit\u00e9 (design thinking), la capacit\u00e9 d&#39;interaction et de communication des futur\u00b7e\u00b7s informaticien\u00b7ne\u00b7s. Ces qualit\u00e9s s&#39;en trouvent renforc\u00e9es et l&#39;\u00e9tudiant\u00b7e d\u00e9veloppe ainsi une forte capacit\u00e9e d&#39;autonomie et de self-leadership.\u00a0<\/p>\n<p>\u00ab\u00a0Un plus pour leur carri\u00e8re dont b\u00e9n\u00e9ficieront en fin de compte les entreprises.\u00a0\u00bb d\u00e9clare Nicolas Debons responsable de la fili\u00e8re informatique de gestion \u00e0 la HES-SO Valais-Wallis.\u00a0Gr\u00e2ce \u00e0 une p\u00e9dagogie participative, ce nouveau cursus offre toutes les connaissances et comp\u00e9tences n\u00e9cessaires au m\u00e9tier, mais accro\u00eet \u00e9galement les capacit\u00e9s individuelles \u00e0 entreprendre et \u00e0 s&#39;auto-former tout au long de son parcours professionnel (long-life-learning).\u00a0<\/p>\n<p>\u00ab\u00a0La Digital Team Academy fait la part belle \u00e0 l&#39;apprentissage par l&#39;exp\u00e9rimentation, car tout au long de la formation, les futurs professionnel\u00b7le\u00b7s r\u00e9alisent des projets concrets en collaboration avec un \u00e9cosyst\u00e8me complet constitu\u00e9 des professeurs\/coachs, d&#39;entreprises et de partenaires locaux mais \u00e9galement d&#39;instituts de recherche.\u00a0\u00bb indique Jean-Pierre Rey porteur du projet Digital Team Academy \u00e0 la HES-SO Valais-Wallis.\u00a0<\/p>\n<p>\u00a0<\/p>\n<p><strong>Une recette \u00e0 la fois technologique, relationnelle et manag\u00e9riale, un plus pour le secteur IT\u00a0<\/strong><\/p>\n<p>De fa\u00e7on g\u00e9n\u00e9rale, les th\u00e8mes abord\u00e9s traitent de l&#39;acquisition, du traitement et de la valorisation des donn\u00e9es tout en respectant les principes de la s\u00e9curit\u00e9 et de protection indispensables aujourd&#39;hui. De plus et selon les projets rencontr\u00e9s, les concepts tels que la blockchain, le machine learning, l&#39;intelligence artificielle ou encore le Green IT sont approfondis.\u00a0<\/p>\n<p>L&#39;\u00e9valuation des comp\u00e9tences est permanente et se fait \u00e0 travers une approche \u00e0 360 degr\u00e9s qui prend en consid\u00e9ration de multiples feedbacks notamment ceux des professeurs\/coachs, des coll\u00e8gues \u00e9tudiantes et \u00e9tudiants, mais aussi d&#39;expert\u00b7e\u00b7s et de praticien\u00b7ne\u00b7s chevronn\u00e9\u00b7e\u00b7s du domaine.\u00a0<\/p>\n<p>Les nouveaux professionnels pourront mettre leurs comp\u00e9tences \u00e0 la fois techniques, \u00e9conomiques et manag\u00e9riales au profit des entreprises et r\u00e9pondre aux besoins qu&#39;implique la transformation digitale.\u00a0D\u00e8s septembre 2021, la formation a lieu \u00e0 Sierre, en Valais, dans les locaux de la Maison de l&#39;Entrepreneuriat qui fait partie du Swiss Digital Center.\u00a0<\/p>\n<p><\/p>\n<p><strong>Source<\/strong> : HES-SO Valais-Wallis<\/p>\n<p><\/p>\n<p>\u00a0<\/p>\n","protected":false},"excerpt":{"rendered":"<p>Le nouveau cursus de formation Digital Team Academy de la HES-SO Valais-Wallis \u00e0 Sierre mise sur l&#39;acquisition des soft-skills et de solides comp\u00e9tences techniques et individuelles afin de r\u00e9pondre au mieux aux d\u00e9fis technologiques actuels et futurs. Il m\u00e8ne \u00e0 l&#39;obtention d\u2019un Bachelor HES en informatique de gestion\u00a0 La transformation digitale de notre soci\u00e9t\u00e9 s&#39;acc\u00e9l\u00e8re [&hellip;]<\/p>\n","protected":false},"author":1,"featured_media":45172,"comment_status":"closed","ping_status":"closed","sticky":false,"template":"","format":"standard","meta":{"_acf_changed":false,"footnotes":""},"categories":[186],"tags":[],"class_list":["post-45171","post","type-post","status-publish","format-standard","has-post-thumbnail","hentry","category-digital"],"acf":[],"_links":{"self":[{"href":"https:\/\/theark.ch\/fr\/wp-json\/wp\/v2\/posts\/45171","targetHints":{"allow":["GET"]}}],"collection":[{"href":"https:\/\/theark.ch\/fr\/wp-json\/wp\/v2\/posts"}],"about":[{"href":"https:\/\/theark.ch\/fr\/wp-json\/wp\/v2\/types\/post"}],"author":[{"embeddable":true,"href":"https:\/\/theark.ch\/fr\/wp-json\/wp\/v2\/users\/1"}],"replies":[{"embeddable":true,"href":"https:\/\/theark.ch\/fr\/wp-json\/wp\/v2\/comments?post=45171"}],"version-history":[{"count":1,"href":"https:\/\/theark.ch\/fr\/wp-json\/wp\/v2\/posts\/45171\/revisions"}],"predecessor-version":[{"id":47755,"href":"https:\/\/theark.ch\/fr\/wp-json\/wp\/v2\/posts\/45171\/revisions\/47755"}],"wp:featuredmedia":[{"embeddable":true,"href":"https:\/\/theark.ch\/fr\/wp-json\/wp\/v2\/media\/45172"}],"wp:attachment":[{"href":"https:\/\/theark.ch\/fr\/wp-json\/wp\/v2\/media?parent=45171"}],"wp:term":[{"taxonomy":"category","embeddable":true,"href":"https:\/\/theark.ch\/fr\/wp-json\/wp\/v2\/categories?post=45171"},{"taxonomy":"post_tag","embeddable":true,"href":"https:\/\/theark.ch\/fr\/wp-json\/wp\/v2\/tags?post=45171"}],"curies":[{"name":"wp","href":"https:\/\/api.w.org\/{rel}","templated":true}]}}