{"id":45974,"date":"2018-09-04T19:02:37","date_gmt":"2018-09-04T17:02:37","guid":{"rendered":"http:\/\/theark.ch\/news\/silicon-valais-les-inscriptions-sont-ouvertes\/"},"modified":"2018-09-04T19:02:37","modified_gmt":"2018-09-04T17:02:37","slug":"silicon-valais-les-inscriptions-sont-ouvertes","status":"publish","type":"post","link":"https:\/\/theark.ch\/fr\/news\/silicon-valais-les-inscriptions-sont-ouvertes\/","title":{"rendered":"Silicon Valais : les inscriptions sont ouvertes !"},"content":{"rendered":"<p><strong>L\u2019\u00e9v\u00e8nement Silicon Valais revient pour une cinqui\u00e8me \u00e9dition le 20 septembre au Campus de Bellevue de la HES-SO Valais-Wallis, \u00e0 Sierre. Au menu : pr\u00e9sentation des travaux de Bachelor des \u00e9tudiants de la fili\u00e8re Informatique de gestion, suivi de deux interventions autour des th\u00e8mes des technologies immersives et de l\u2019entrepreneuriat dans le secteur informatique. Un ap\u00e9ritif dinatoire cl\u00f4turera la manifestation. La Fondation The Ark est partenaire de l\u2019\u00e9v\u00e8nement.<\/strong><\/p>\n<p><\/p>\n<p>Le premier intervenant, Sylvain Cardin, g\u00e8re diff\u00e9rents projets m\u00e9dicaux de pointe chez <a href=\"https:\/\/www.mindmaze.com\/\" target=\"_blank\" rel=\"noopener\">MindMaze<\/a>. Il pr\u00e9sentera les derni\u00e8res innovations dans le domaine de la r\u00e9alit\u00e9 virtuelle et augment\u00e9e.<\/p>\n<p>Julien Denaes, alumni de la fili\u00e8re Informatique de gestion, a co-fond\u00e9 <a href=\"https:\/\/alpin.io\/\" target=\"_blank\" rel=\"noopener\">Alpin<\/a>\u00a0au Colorado (USA). Expert en s\u00e9curit\u00e9 cloud et d\u00e9veloppeur accompli d\u2019applications mobiles, il b\u00e9n\u00e9ficie d\u2019un parcours professionnel mouvement\u00e9. Il donnera de pr\u00e9cieux conseils sur le monde de l\u2019entrepreneuriat et des start-up outre-Atlantique.<\/p>\n<p>La manifestation est gratuite et ouverte \u00e0 tous, l\u2019inscription se fait en suivant <a href=\"https:\/\/www.hevs.ch\/fr\/mini-sites\/evenements\/silicon-valais\/pages-minisites\/inscription-8147\" target=\"_blank\" rel=\"noopener\">ce lien<\/a>. Des informations compl\u00e9mentaires sont disponibles <a href=\"https:\/\/www.hevs.ch\/fr\/mini-sites\/evenements\/silicon-valais\/pages-minisites\/programme-8145\" target=\"_blank\" rel=\"noopener\">ici<\/a>.<\/p>\n<p>\u00a0<\/p>\n","protected":false},"excerpt":{"rendered":"<p>L\u2019\u00e9v\u00e8nement Silicon Valais revient pour une cinqui\u00e8me \u00e9dition le 20 septembre au Campus de Bellevue de la HES-SO Valais-Wallis, \u00e0 Sierre. Au menu : pr\u00e9sentation des travaux de Bachelor des \u00e9tudiants de la fili\u00e8re Informatique de gestion, suivi de deux interventions autour des th\u00e8mes des technologies immersives et de l\u2019entrepreneuriat dans le secteur informatique. Un [&hellip;]<\/p>\n","protected":false},"author":1,"featured_media":45975,"comment_status":"closed","ping_status":"closed","sticky":false,"template":"","format":"standard","meta":{"_acf_changed":false,"footnotes":""},"categories":[186],"tags":[],"class_list":["post-45974","post","type-post","status-publish","format-standard","has-post-thumbnail","hentry","category-digital"],"acf":[],"_links":{"self":[{"href":"https:\/\/theark.ch\/fr\/wp-json\/wp\/v2\/posts\/45974","targetHints":{"allow":["GET"]}}],"collection":[{"href":"https:\/\/theark.ch\/fr\/wp-json\/wp\/v2\/posts"}],"about":[{"href":"https:\/\/theark.ch\/fr\/wp-json\/wp\/v2\/types\/post"}],"author":[{"embeddable":true,"href":"https:\/\/theark.ch\/fr\/wp-json\/wp\/v2\/users\/1"}],"replies":[{"embeddable":true,"href":"https:\/\/theark.ch\/fr\/wp-json\/wp\/v2\/comments?post=45974"}],"version-history":[{"count":0,"href":"https:\/\/theark.ch\/fr\/wp-json\/wp\/v2\/posts\/45974\/revisions"}],"wp:featuredmedia":[{"embeddable":true,"href":"https:\/\/theark.ch\/fr\/wp-json\/wp\/v2\/media\/45975"}],"wp:attachment":[{"href":"https:\/\/theark.ch\/fr\/wp-json\/wp\/v2\/media?parent=45974"}],"wp:term":[{"taxonomy":"category","embeddable":true,"href":"https:\/\/theark.ch\/fr\/wp-json\/wp\/v2\/categories?post=45974"},{"taxonomy":"post_tag","embeddable":true,"href":"https:\/\/theark.ch\/fr\/wp-json\/wp\/v2\/tags?post=45974"}],"curies":[{"name":"wp","href":"https:\/\/api.w.org\/{rel}","templated":true}]}}