{"id":46138,"date":"2019-01-22T16:35:52","date_gmt":"2019-01-22T15:35:52","guid":{"rendered":"http:\/\/theark.ch\/news\/la-suisse-se-mobilise-pour-ses-start-up\/"},"modified":"2019-01-22T16:35:52","modified_gmt":"2019-01-22T14:35:52","slug":"la-suisse-se-mobilise-pour-ses-start-up","status":"publish","type":"post","link":"https:\/\/theark.ch\/fr\/news\/la-suisse-se-mobilise-pour-ses-start-up\/","title":{"rendered":"La Suisse se mobilise pour ses start-up !"},"content":{"rendered":"<p><strong>La mobilisation est nationale. Digitalswitzerland, Le R\u00e9seau, et la Swiss Entrepreneurs Foundation lancent un manifeste pour soutenir les start-up suisses. Portant sur une dizaine de mesures allant de l\u2019encouragement de l\u2019investissement, \u00e0 la simplification des plans de participation, aux permis de travail ou aux lev\u00e9es de fonds, le Manifeste a d\u00e9j\u00e0 \u00e9t\u00e9 sign\u00e9 par plus de 300 personnes en Suisse. Il sera remis ce printemps au Conseil f\u00e9d\u00e9ral.<\/strong><\/p>\n<p>La Suisse se mobilise pour son \u00e9cosyst\u00e8me des entreprises fond\u00e9es sur la science. Les principales start-up romandes ont sign\u00e9 <a href=\"https:\/\/lereseau.ch\/manifeste-pour-les-start-up-suisses\/\" target=\"_blank\" rel=\"noopener\">le Manifeste<\/a> pour les start-up suisses du R\u00e9seau. Pr\u00e8s de 140 signatures \u00e0 ce jour, parmi lesquels Jurgi Camblong (<a href=\"https:\/\/www.sophiagenetics.com\/home.html\" target=\"_blank\" rel=\"noopener\">Sophia Genetics<\/a>), Nicolas Durand (<a href=\"https:\/\/abionic.com\/\" target=\"_blank\" rel=\"noopener\">Abionic<\/a>), Patrick Th\u00e9voz (<a href=\"https:\/\/www.flyability.com\/\" target=\"_blank\" rel=\"noopener\">Flyability<\/a>), Jean-Marc Wismer (<a href=\"https:\/\/www.mindmaze.com\/\" target=\"_blank\" rel=\"noopener\">Mindmaze<\/a>) ou Rapha\u00ebl Gindrat (<a href=\"https:\/\/bestmile.com\/\" target=\"_blank\" rel=\"noopener\">Bestmile<\/a>), mais aussi des professeurs, des entrepreneurs ou des investisseurs comme Edouard Bugnion (vice-pr\u00e9sident EPFL), ou Patrick Aebischer (Nanodimension, Novartis Venture Fund, et anc. Pr\u00e9sident <a href=\"https:\/\/www.epfl.ch\/\" target=\"_blank\" rel=\"noopener\">EPFL<\/a>). La liste compl\u00e8te est consultable <a href=\"https:\/\/lereseau.ch\/signatories-of-the-manifesto\/\" target=\"_blank\" rel=\"noopener\">ici<\/a>.<\/p>\n<p>\u00a0<\/p>\n<p><strong>Partenariat avec Digitalswitzerland, Swiss Entrepreneurs Foundation et Swiss Economic Forum<\/strong><\/p>\n<p>Et ce n\u2019est qu\u2019un d\u00e9but: disponible en anglais et en allemand le Manifeste prend une dimension nationale. <a href=\"https:\/\/lereseau.ch\/\" target=\"_blank\" rel=\"noopener\">Le R\u00e9seau<\/a> s\u2019est associ\u00e9 pour l&#39;occasion \u00e0 la <a href=\"https:\/\/swissef.ch\/en\/foundation\/\" target=\"_blank\" rel=\"noopener\">Swiss Entrepreneurs Foundation<\/a>, <a href=\"https:\/\/digitalswitzerland.com\/\" target=\"_blank\" rel=\"noopener\">digitalswitzerland<\/a>, et le <a href=\"https:\/\/www.swisseconomic.ch\/fr\/\" target=\"_blank\" rel=\"noopener\">Swiss Economic Forum<\/a> pour diffuser le Manifeste sur tout le territoire. Objectif: remettre le Manifeste au nouveau ministre de l\u2019\u00e9conomie, Guy Parmelin. Et mettre en place, \u00e0 cette occasion, un \u00e9change constructif entre le conseiller f\u00e9d\u00e9ral et nos principaux entrepreneurs innovants. Pour consolider, et parachever, la politique d\u2019innovation petit \u00e0 petit mise en place \u00e0 Berne.<\/p>\n<p>\u00a0<\/p>\n<p><strong>Dix mesures pour renforcer l\u2019\u00e9cosyst\u00e8me des start-up<\/strong><\/p>\n<p>Au travers du Manifeste, Digitalswitzerland, Le R\u00e9seau, et la Swiss Entrepreneurs Foundation (SwissEF) proposent dix mesures pour les start-up suisses. Dix mesures pour encourager l\u2019investissement, simplifier les plans de participation, les permis de travail ou les lev\u00e9es de fonds, et renforcer l\u2019\u00e9cosyst\u00e8me suisse des entreprises fond\u00e9es sur la science. Dix mesures que le R\u00e9seau remettra ce printemps au Conseil f\u00e9d\u00e9ral.<\/p>\n<p><\/p>\n<p><strong>Source<\/strong> : startup ticker<\/p>\n<p>\u00a0<\/p>\n","protected":false},"excerpt":{"rendered":"<p>La mobilisation est nationale. Digitalswitzerland, Le R\u00e9seau, et la Swiss Entrepreneurs Foundation lancent un manifeste pour soutenir les start-up suisses. Portant sur une dizaine de mesures allant de l\u2019encouragement de l\u2019investissement, \u00e0 la simplification des plans de participation, aux permis de travail ou aux lev\u00e9es de fonds, le Manifeste a d\u00e9j\u00e0 \u00e9t\u00e9 sign\u00e9 par plus [&hellip;]<\/p>\n","protected":false},"author":1,"featured_media":46139,"comment_status":"closed","ping_status":"closed","sticky":false,"template":"","format":"standard","meta":{"_acf_changed":false,"footnotes":""},"categories":[186],"tags":[],"class_list":["post-46138","post","type-post","status-publish","format-standard","has-post-thumbnail","hentry","category-digital"],"acf":[],"_links":{"self":[{"href":"https:\/\/theark.ch\/fr\/wp-json\/wp\/v2\/posts\/46138","targetHints":{"allow":["GET"]}}],"collection":[{"href":"https:\/\/theark.ch\/fr\/wp-json\/wp\/v2\/posts"}],"about":[{"href":"https:\/\/theark.ch\/fr\/wp-json\/wp\/v2\/types\/post"}],"author":[{"embeddable":true,"href":"https:\/\/theark.ch\/fr\/wp-json\/wp\/v2\/users\/1"}],"replies":[{"embeddable":true,"href":"https:\/\/theark.ch\/fr\/wp-json\/wp\/v2\/comments?post=46138"}],"version-history":[{"count":0,"href":"https:\/\/theark.ch\/fr\/wp-json\/wp\/v2\/posts\/46138\/revisions"}],"wp:featuredmedia":[{"embeddable":true,"href":"https:\/\/theark.ch\/fr\/wp-json\/wp\/v2\/media\/46139"}],"wp:attachment":[{"href":"https:\/\/theark.ch\/fr\/wp-json\/wp\/v2\/media?parent=46138"}],"wp:term":[{"taxonomy":"category","embeddable":true,"href":"https:\/\/theark.ch\/fr\/wp-json\/wp\/v2\/categories?post=46138"},{"taxonomy":"post_tag","embeddable":true,"href":"https:\/\/theark.ch\/fr\/wp-json\/wp\/v2\/tags?post=46138"}],"curies":[{"name":"wp","href":"https:\/\/api.w.org\/{rel}","templated":true}]}}