{"id":46182,"date":"2019-03-14T11:44:26","date_gmt":"2019-03-14T10:44:26","guid":{"rendered":"http:\/\/theark.ch\/news\/prix-createurs-bcvs-plus-que-deux-semaines-pour-postuler\/"},"modified":"2019-03-14T11:44:26","modified_gmt":"2019-03-14T09:44:26","slug":"prix-createurs-bcvs-plus-que-deux-semaines-pour-postuler","status":"publish","type":"post","link":"https:\/\/theark.ch\/fr\/news\/prix-createurs-bcvs-plus-que-deux-semaines-pour-postuler\/","title":{"rendered":"Prix Cr\u00e9ateurs BCVs : plus que deux semaines pour postuler !"},"content":{"rendered":"<p>(Dernier) appel aux candidatures ! Le d\u00e9lai pour postuler au Prix Cr\u00e9ateurs BCVs 2019 est fix\u00e9 au 31 mars. Il reste donc moins de deux semaines pour transmettre votre dossier complet. Les conditions de participation et le r\u00e8glement du concours sont disponibles <a href=\"https:\/\/www.prixcreateurbcvs.ch\/fr\/page_simple\/candidature-36\" target=\"_blank\" rel=\"noopener\"><strong>ici<\/strong><\/a>.<\/p>\n<p>Lanc\u00e9 en 2007, le Prix Cr\u00e9ateurs BCVs a conserv\u00e9 le m\u00eame but tout au long de ses diff\u00e9rentes \u00e9ditions : r\u00e9compenser le projet le plus novateur, quel que soit le domaine d\u2019activit\u00e9. Le projet prim\u00e9 recevra 30&#39;000 francs : 10&#39;000 francs en cash, 15&#39;000 francs en prestations de coaching et un spot promotionnel d\u2019une valeur de 5&#39;000 francs.<\/p>\n<p>\u00a0<\/p>\n<p>Pour participer, deux conditions principales :<\/p>\n<ul>\n<li>le projet doit \u00eatre port\u00e9 par des individus ou des soci\u00e9t\u00e9s domicili\u00e9(e)s en Valais<\/li>\n<li>la mise en \u0153uvre du projet est pr\u00e9vue dans l\u2019ann\u00e9e qui suit.<\/li>\n<\/ul>\n<p>Les projets propos\u00e9s doivent \u00eatre avant tout innovants et cr\u00e9atifs ! La remise du prix aura lieu le jeudi 6 juin 2019 \u00e0 la halle polyvalente de Conthey. Pour sa 10e \u00e9dition, le Prix Cr\u00e9ateurs BCVs pourra compter sur de nombreuses surprises pour f\u00eater dignement cet important anniversaire.<\/p>\n<p><\/p>\n<p>Informations compl\u00e9mentaires: <a href=\"https:\/\/www.prixcreateurbcvs.ch\/fr\/\" target=\"_blank\" rel=\"noopener\">www.prixcreateursbcvs.ch<\/a><\/p>\n<p>\u00a0<\/p>\n","protected":false},"excerpt":{"rendered":"<p>(Dernier) appel aux candidatures ! Le d\u00e9lai pour postuler au Prix Cr\u00e9ateurs BCVs 2019 est fix\u00e9 au 31 mars. Il reste donc moins de deux semaines pour transmettre votre dossier complet. Les conditions de participation et le r\u00e8glement du concours sont disponibles ici. Lanc\u00e9 en 2007, le Prix Cr\u00e9ateurs BCVs a conserv\u00e9 le m\u00eame but [&hellip;]<\/p>\n","protected":false},"author":1,"featured_media":46183,"comment_status":"closed","ping_status":"closed","sticky":false,"template":"","format":"standard","meta":{"_acf_changed":false,"footnotes":""},"categories":[186],"tags":[],"class_list":["post-46182","post","type-post","status-publish","format-standard","has-post-thumbnail","hentry","category-digital"],"acf":[],"_links":{"self":[{"href":"https:\/\/theark.ch\/fr\/wp-json\/wp\/v2\/posts\/46182","targetHints":{"allow":["GET"]}}],"collection":[{"href":"https:\/\/theark.ch\/fr\/wp-json\/wp\/v2\/posts"}],"about":[{"href":"https:\/\/theark.ch\/fr\/wp-json\/wp\/v2\/types\/post"}],"author":[{"embeddable":true,"href":"https:\/\/theark.ch\/fr\/wp-json\/wp\/v2\/users\/1"}],"replies":[{"embeddable":true,"href":"https:\/\/theark.ch\/fr\/wp-json\/wp\/v2\/comments?post=46182"}],"version-history":[{"count":0,"href":"https:\/\/theark.ch\/fr\/wp-json\/wp\/v2\/posts\/46182\/revisions"}],"wp:featuredmedia":[{"embeddable":true,"href":"https:\/\/theark.ch\/fr\/wp-json\/wp\/v2\/media\/46183"}],"wp:attachment":[{"href":"https:\/\/theark.ch\/fr\/wp-json\/wp\/v2\/media?parent=46182"}],"wp:term":[{"taxonomy":"category","embeddable":true,"href":"https:\/\/theark.ch\/fr\/wp-json\/wp\/v2\/categories?post=46182"},{"taxonomy":"post_tag","embeddable":true,"href":"https:\/\/theark.ch\/fr\/wp-json\/wp\/v2\/tags?post=46182"}],"curies":[{"name":"wp","href":"https:\/\/api.w.org\/{rel}","templated":true}]}}