{"id":46220,"date":"2019-04-15T11:17:07","date_gmt":"2019-04-15T09:17:07","guid":{"rendered":"http:\/\/theark.ch\/news\/la-pme-valaisanne-simnet-rejoint-silicom-group\/"},"modified":"2019-04-15T11:17:07","modified_gmt":"2019-04-15T09:17:07","slug":"la-pme-valaisanne-simnet-rejoint-silicom-group","status":"publish","type":"post","link":"https:\/\/theark.ch\/fr\/news\/la-pme-valaisanne-simnet-rejoint-silicom-group\/","title":{"rendered":"La PME valaisanne Simnet rejoint Silicom Group"},"content":{"rendered":"<p><strong>Annonc\u00e9e l\u2019an dernier, la consolidation du secteur informatique valaisan se poursuit. La PME valaisanne <a href=\"https:\/\/www.simnetsa.ch\/\" target=\"_blank\" rel=\"noopener\">Simnet<\/a> rejoint ainsi Silicom Group, dans un but pr\u00e9cis comme le confirme Bertrand Fournier, directeur commercial chez Silicom Group.<\/strong><\/p>\n<p>Ce dernier pr\u00e9cise : \u00ab Notre souhait est d\u2019offrir des solutions performantes et professionnelles. Il se trouve que ces deux soci\u00e9t\u00e9s sont extr\u00eamement compl\u00e9mentaires. Elles constituent un partenaire de r\u00e9f\u00e9rence en Suisse romande et sont \u00e0 m\u00eame de r\u00e9pondre \u00e0 tous les besoins des PME. Ce rapprochement est donc logique. \u00bb<\/p>\n<p>Tr\u00e8s active sur des projets \u00e0 forte valeur ajout\u00e9e, la soci\u00e9t\u00e9 Simnet poss\u00e8de des comp\u00e9tences importantes dans le domaine de la protection des donn\u00e9es et de la s\u00e9curit\u00e9 informatique. Son inclusion au sein du Silicom Group lui permettra d\u2019\u00e9tendre son offre en b\u00e9n\u00e9ficiant de nouvelles expertises. Dans la pratique, la PME conservera ses bureaux en Valais, \u00e0 Sembrancher, pour rester proche de ses clients. Avec ce rapprochement, <a href=\"https:\/\/www.silicomgroup.ch\/\" target=\"_blank\" rel=\"noopener\">Silicom Group<\/a> compte d\u00e9sormais 40 collaborateurs.<\/p>\n<p>\u00a0<\/p>\n<p>Plus d&#39;infos sur <a href=\"https:\/\/www.silicomgroup.ch\/\" target=\"_blank\" rel=\"noopener\">www.silicomgroup.ch<\/a><\/p>\n<p>\u00a0<\/p>\n<p><strong>Cr\u00e9dit photo<\/strong> : Silicom Group<\/p>\n<p><strong>Source<\/strong> : communiqu\u00e9 de presse Silicom-Simnet<\/p>\n<p>\u00a0<\/p>\n","protected":false},"excerpt":{"rendered":"<p>Annonc\u00e9e l\u2019an dernier, la consolidation du secteur informatique valaisan se poursuit. La PME valaisanne Simnet rejoint ainsi Silicom Group, dans un but pr\u00e9cis comme le confirme Bertrand Fournier, directeur commercial chez Silicom Group. Ce dernier pr\u00e9cise : \u00ab Notre souhait est d\u2019offrir des solutions performantes et professionnelles. Il se trouve que ces deux soci\u00e9t\u00e9s sont [&hellip;]<\/p>\n","protected":false},"author":1,"featured_media":46221,"comment_status":"closed","ping_status":"closed","sticky":false,"template":"","format":"standard","meta":{"_acf_changed":false,"footnotes":""},"categories":[186],"tags":[],"class_list":["post-46220","post","type-post","status-publish","format-standard","has-post-thumbnail","hentry","category-digital"],"acf":[],"_links":{"self":[{"href":"https:\/\/theark.ch\/fr\/wp-json\/wp\/v2\/posts\/46220","targetHints":{"allow":["GET"]}}],"collection":[{"href":"https:\/\/theark.ch\/fr\/wp-json\/wp\/v2\/posts"}],"about":[{"href":"https:\/\/theark.ch\/fr\/wp-json\/wp\/v2\/types\/post"}],"author":[{"embeddable":true,"href":"https:\/\/theark.ch\/fr\/wp-json\/wp\/v2\/users\/1"}],"replies":[{"embeddable":true,"href":"https:\/\/theark.ch\/fr\/wp-json\/wp\/v2\/comments?post=46220"}],"version-history":[{"count":0,"href":"https:\/\/theark.ch\/fr\/wp-json\/wp\/v2\/posts\/46220\/revisions"}],"wp:featuredmedia":[{"embeddable":true,"href":"https:\/\/theark.ch\/fr\/wp-json\/wp\/v2\/media\/46221"}],"wp:attachment":[{"href":"https:\/\/theark.ch\/fr\/wp-json\/wp\/v2\/media?parent=46220"}],"wp:term":[{"taxonomy":"category","embeddable":true,"href":"https:\/\/theark.ch\/fr\/wp-json\/wp\/v2\/categories?post=46220"},{"taxonomy":"post_tag","embeddable":true,"href":"https:\/\/theark.ch\/fr\/wp-json\/wp\/v2\/tags?post=46220"}],"curies":[{"name":"wp","href":"https:\/\/api.w.org\/{rel}","templated":true}]}}