{"id":46244,"date":"2019-05-01T11:44:05","date_gmt":"2019-05-01T09:44:05","guid":{"rendered":"http:\/\/theark.ch\/news\/venturelab-organise-un-event-autour-du-travail-autonome-a-lidiap\/"},"modified":"2019-05-01T11:44:05","modified_gmt":"2019-05-01T09:44:05","slug":"venturelab-organise-un-event-autour-du-travail-autonome-a-lidiap","status":"publish","type":"post","link":"https:\/\/theark.ch\/fr\/news\/venturelab-organise-un-event-autour-du-travail-autonome-a-lidiap\/","title":{"rendered":"Venturelab organise un event autour du travail autonome \u00e0 l\u2019Idiap !"},"content":{"rendered":"<p><strong>Le 14 mai prochain, <a href=\"https:\/\/www.venturelab.ch\/fr\" target=\"_blank\" rel=\"noopener\">Venturelab<\/a> organise un \u00ab networking lunch \u00bb autour du th\u00e8me \u00ab le travail autonome comme choix de carri\u00e8re \u00bb, en partenariat avec la <a href=\"http:\/\/theark.ch\/\" target=\"_blank\">Fondation The Ark<\/a>. Cette manifestation aura lieu dans les locaux de l\u2019institut de recherche <a href=\"https:\/\/www.idiap.ch\/fr\" target=\"_blank\" rel=\"noopener\">Idiap<\/a>. Deux orateurs d\u00e9crypteront les trucs et astuces utiles aux entrepreneurs qui choisissent de pratiquer une activit\u00e9 ind\u00e9pendante. Les inscriptions sont d\u00e9sormais ouvertes !<\/strong><\/p>\n<p>\u00a0<\/p>\n<p>L\u2019\u00e9v\u00e8nement d\u00e9bute \u00e0 12h, avec les interventions de <strong>Raphael Heraief<\/strong>, CEO chez <a href=\"http:\/\/vima.swiss\/\" target=\"_blank\" rel=\"noopener\">Vima Link<\/a> (une start-up accompagn\u00e9e par The Ark), et <strong>Cyrus Fasel<\/strong>, CEO et fondateur de <a href=\"https:\/\/www.swissborg.com\/\" target=\"_blank\" rel=\"noopener\">SwissBorg<\/a>. Il s\u2019adresse plus particuli\u00e8rement aux membres d\u2019universit\u00e9s, aux \u00e9tudiants et doctorants, aux employ\u00e9s et professeurs ainsi qu\u2019aux membres d\u2019instituts de recherche.<\/p>\n<p>La manifestation est suivie d\u2019un lunch, qui permettra aux participants d\u2019\u00e9changer et de r\u00e9seauter !<\/p>\n<p>\u00a0<\/p>\n<p>L\u2019\u00e9v\u00e8nement est gratuit, mais l\u2019<strong><a href=\"https:\/\/www.venturelab.ch\/business_ideas_valais\" target=\"_blank\" rel=\"noopener\">inscription<\/a> obligatoire<\/strong>.<\/p>\n<p>Le <strong>programme d\u00e9taill\u00e9<\/strong> de l\u2019\u00e9v\u00e8nement et d\u2019autres <strong>informations compl\u00e9mentaires<\/strong> sont disponibles <a href=\"https:\/\/www.venturelab.ch\/business_ideas_valais\" target=\"_blank\" rel=\"noopener\">ici<\/a>.<\/p>\n<p>\u00a0<\/p>\n<p>\u00a0<\/p>\n","protected":false},"excerpt":{"rendered":"<p>Le 14 mai prochain, Venturelab organise un \u00ab networking lunch \u00bb autour du th\u00e8me \u00ab le travail autonome comme choix de carri\u00e8re \u00bb, en partenariat avec la Fondation The Ark. Cette manifestation aura lieu dans les locaux de l\u2019institut de recherche Idiap. Deux orateurs d\u00e9crypteront les trucs et astuces utiles aux entrepreneurs qui choisissent de [&hellip;]<\/p>\n","protected":false},"author":1,"featured_media":46245,"comment_status":"closed","ping_status":"closed","sticky":false,"template":"","format":"standard","meta":{"_acf_changed":false,"footnotes":""},"categories":[186],"tags":[],"class_list":["post-46244","post","type-post","status-publish","format-standard","has-post-thumbnail","hentry","category-digital"],"acf":[],"_links":{"self":[{"href":"https:\/\/theark.ch\/fr\/wp-json\/wp\/v2\/posts\/46244","targetHints":{"allow":["GET"]}}],"collection":[{"href":"https:\/\/theark.ch\/fr\/wp-json\/wp\/v2\/posts"}],"about":[{"href":"https:\/\/theark.ch\/fr\/wp-json\/wp\/v2\/types\/post"}],"author":[{"embeddable":true,"href":"https:\/\/theark.ch\/fr\/wp-json\/wp\/v2\/users\/1"}],"replies":[{"embeddable":true,"href":"https:\/\/theark.ch\/fr\/wp-json\/wp\/v2\/comments?post=46244"}],"version-history":[{"count":0,"href":"https:\/\/theark.ch\/fr\/wp-json\/wp\/v2\/posts\/46244\/revisions"}],"wp:featuredmedia":[{"embeddable":true,"href":"https:\/\/theark.ch\/fr\/wp-json\/wp\/v2\/media\/46245"}],"wp:attachment":[{"href":"https:\/\/theark.ch\/fr\/wp-json\/wp\/v2\/media?parent=46244"}],"wp:term":[{"taxonomy":"category","embeddable":true,"href":"https:\/\/theark.ch\/fr\/wp-json\/wp\/v2\/categories?post=46244"},{"taxonomy":"post_tag","embeddable":true,"href":"https:\/\/theark.ch\/fr\/wp-json\/wp\/v2\/tags?post=46244"}],"curies":[{"name":"wp","href":"https:\/\/api.w.org\/{rel}","templated":true}]}}