{"id":46268,"date":"2019-05-14T15:35:05","date_gmt":"2019-05-14T13:35:05","guid":{"rendered":"http:\/\/theark.ch\/news\/les-start-up-de-the-ark-episode-3-phytomat\/"},"modified":"2019-05-14T15:35:05","modified_gmt":"2019-05-14T13:35:05","slug":"les-start-up-de-the-ark-episode-3-phytomat","status":"publish","type":"post","link":"https:\/\/theark.ch\/fr\/news\/les-start-up-de-the-ark-episode-3-phytomat\/","title":{"rendered":"Les start-up de The Ark \u2013 Episode 3 : Phytomat"},"content":{"rendered":"<p><strong>Au d\u00e9but du mois de mai, la Fondation The Ark, via son Incubateur de start-up, a convi\u00e9 une s\u00e9rie de jeunes entreprises \u00e0 un workshop de deux jours \u00e0 Ovronnaz. Cette mise au vert avait pour but de travailler sur l\u2019art du \u00ab pitch \u00bb, o\u00f9 comment pr\u00e9senter au mieux son entreprise. C\u2019est \u00e9galement l\u2019occasion pour les lecteurs du blog The Ark de d\u00e9couvrir en vid\u00e9o une s\u00e9lection de jeunes pousses accompagn\u00e9es tout au long de l\u2019ann\u00e9e par la Fondation The Ark.<\/strong><\/p>\n<p>Troisi\u00e8me start-up \u00e0 se pr\u00e9senter \u00e0 vous\u202f: Phytomat. Cette jeune pousse, fond\u00e9e par Christophe Loth et Philippe Chahwekilian, s\u2019est donn\u00e9 pour mission de r\u00e9pondre aux enjeux actuels que connaissent les agriculteurs en d\u00e9veloppant un mod\u00e8le de ferme verticale et digitale, enti\u00e8rement automatis\u00e9e. Pour ce faire, la start-up s\u2019appuie sur l\u2019intelligence artificielle et l\u2019internet des objets. Objectif final : offrir \u00e0 l\u2019agriculteur la possibilit\u00e9 de produire des produits de qualit\u00e9, qui r\u00e9pondent aux exigences du march\u00e9 !<\/p>\n<p>\u00a0<\/p>\n<p>D\u00e9couvrez l\u2019interview compl\u00e8te de Christophe Loth, co-fondateur de Phytomat dans la vid\u00e9o ci-dessous.<\/p>\n<p>\u00a0<\/p>\n<p style=\"text-align: center;\"><iframe loading=\"lazy\" allow=\"autoplay; encrypted-media\" allowfullscreen=\"\" frameborder=\"0\" height=\"315\" src=\"https:\/\/www.youtube.com\/embed\/Bq1CvyW2FMA\" width=\"560\"><\/iframe><\/p>\n<p style=\"text-align: center;\">\u00a0<\/p>\n","protected":false},"excerpt":{"rendered":"<p>Au d\u00e9but du mois de mai, la Fondation The Ark, via son Incubateur de start-up, a convi\u00e9 une s\u00e9rie de jeunes entreprises \u00e0 un workshop de deux jours \u00e0 Ovronnaz. Cette mise au vert avait pour but de travailler sur l\u2019art du \u00ab pitch \u00bb, o\u00f9 comment pr\u00e9senter au mieux son entreprise. C\u2019est \u00e9galement l\u2019occasion [&hellip;]<\/p>\n","protected":false},"author":1,"featured_media":46269,"comment_status":"closed","ping_status":"closed","sticky":false,"template":"","format":"standard","meta":{"_acf_changed":false,"footnotes":""},"categories":[186],"tags":[],"class_list":["post-46268","post","type-post","status-publish","format-standard","has-post-thumbnail","hentry","category-digital"],"acf":[],"_links":{"self":[{"href":"https:\/\/theark.ch\/fr\/wp-json\/wp\/v2\/posts\/46268","targetHints":{"allow":["GET"]}}],"collection":[{"href":"https:\/\/theark.ch\/fr\/wp-json\/wp\/v2\/posts"}],"about":[{"href":"https:\/\/theark.ch\/fr\/wp-json\/wp\/v2\/types\/post"}],"author":[{"embeddable":true,"href":"https:\/\/theark.ch\/fr\/wp-json\/wp\/v2\/users\/1"}],"replies":[{"embeddable":true,"href":"https:\/\/theark.ch\/fr\/wp-json\/wp\/v2\/comments?post=46268"}],"version-history":[{"count":0,"href":"https:\/\/theark.ch\/fr\/wp-json\/wp\/v2\/posts\/46268\/revisions"}],"wp:featuredmedia":[{"embeddable":true,"href":"https:\/\/theark.ch\/fr\/wp-json\/wp\/v2\/media\/46269"}],"wp:attachment":[{"href":"https:\/\/theark.ch\/fr\/wp-json\/wp\/v2\/media?parent=46268"}],"wp:term":[{"taxonomy":"category","embeddable":true,"href":"https:\/\/theark.ch\/fr\/wp-json\/wp\/v2\/categories?post=46268"},{"taxonomy":"post_tag","embeddable":true,"href":"https:\/\/theark.ch\/fr\/wp-json\/wp\/v2\/tags?post=46268"}],"curies":[{"name":"wp","href":"https:\/\/api.w.org\/{rel}","templated":true}]}}