{"id":46816,"date":"2025-01-28T07:39:58","date_gmt":"2025-01-28T06:39:58","guid":{"rendered":"http:\/\/theark.ch\/?p=46816"},"modified":"2025-05-19T16:50:26","modified_gmt":"2025-05-19T14:50:26","slug":"le-valais-stimulant-et-apaisant-pour-les-entrepreneurs","status":"publish","type":"post","link":"https:\/\/theark.ch\/fr\/news\/le-valais-stimulant-et-apaisant-pour-les-entrepreneurs\/","title":{"rendered":"\u00ab\u2009Le Valais, stimulant et apaisant pour les entrepreneurs\u2009\u00bb"},"content":{"rendered":"\n<h5 class=\"wp-block-heading\"><strong><strong>Dans une r\u00e9cente interview publi\u00e9e dans la revue Montagna, <a href=\"https:\/\/www.linkedin.com\/in\/s%C3%A9bastien-mabillard-a1bb075\/?originalSubdomain=ch\" target=\"_blank\" rel=\"noopener\">S\u00e9bastien Mabillard<\/a>, responsable de l\u2019Incubateur de la Fondation The Ark, a mis en lumi\u00e8re les avantages uniques de fonder une start-up dans un canton alpin comme le Valais. Gr\u00e2ce \u00e0 l&rsquo;\u00e9cosyst\u00e8me innovant d\u00e9velopp\u00e9 par The Ark, le Valais offre selon lui un environnement privil\u00e9gi\u00e9 pour les entrepreneurs d\u00e9sireux de lancer et d\u00e9velopper leurs projets dans un cadre \u00e0 la fois stimulant et apaisant.<\/strong><\/strong><\/h5>\n\n\n\n<p>Dans cette interview coordonn\u00e9e par Vincent Gillioz du Groupement pour les r\u00e9gions de montagne (SAB), S\u00e9bastien Mabillard souligne que la Fondation the Ark a, depuis plus de vingt ans, cr\u00e9\u00e9 un r\u00e9seau dense de PME, start-up, \u00e9coles et acad\u00e9mies, tant au niveau local qu&rsquo;international. Cet \u00e9cosyst\u00e8me, riche en comp\u00e9tences et en esprit entrepreneurial, est l&rsquo;un des principaux atouts pour les entrepreneurs. \u00ab\u2009Le Valais est sans aucun doute un espace propice aux entrepreneurs d\u00e9sireux de vouloir d\u00e9velopper sa start-up dans un cadre stimulant et tout \u00e0 la fois apaisant\u2009\u00bb.<\/p>\n\n\n\n<h5 class=\"wp-block-heading\"><strong>Projets innovants et ambitieux<\/strong><\/h5>\n\n\n\n<p>L&rsquo;Incubateur de start-up de The Ark propose en effet un accompagnement personnalis\u00e9 aux entrepreneurs, allant de l&rsquo;id\u00e9e initiale \u00e0 la mise sur le march\u00e9, sur une p\u00e9riode pouvant s&rsquo;\u00e9tendre jusqu&rsquo;\u00e0 trois ans. Cet accompagnement inclut un coaching personnalis\u00e9, l&rsquo;int\u00e9gration \u00e0 l&rsquo;\u00e9cosyst\u00e8me entrepreneurial local, ainsi que l&rsquo;acc\u00e8s \u00e0 des locaux et des espaces sp\u00e9cifiques pour favoriser les \u00e9changes et le partage d&rsquo;expertises. Un r\u00e9seau d&rsquo;experts partenaires est \u00e9galement mis \u00e0 disposition pour r\u00e9pondre \u00e0 des probl\u00e9matiques sp\u00e9cifiques telles que le juridique, les affaires r\u00e8glementaires ou la propri\u00e9t\u00e9 intellectuelle.<\/p>\n\n\n\n<p>Pour b\u00e9n\u00e9ficier du soutien de The Ark, les projets doivent \u00eatre innovants et ambitieux, tout en se situant dans les domaines sp\u00e9cifiques de la Fondation, tels que les sciences de la vie, les sciences de l\u2019ing\u00e9nieur ou la digitalisation. La viabilit\u00e9 \u00e9conomique et la contribution au d\u00e9veloppement du tissu \u00e9conomique local sont \u00e9galement des crit\u00e8res essentiels.<\/p>\n\n\n\n<h5 class=\"wp-block-heading\"><strong>S\u2019int\u00e9grer dans un \u00e9cosyst\u00e8me<\/strong><\/h5>\n\n\n\n<p>S\u00e9bastien Mabillard insiste sur le besoin crucial des entrepreneurs de s&rsquo;int\u00e9grer \u00e0 un \u00e9cosyst\u00e8me d\u00e8s le d\u00e9marrage de leur activit\u00e9. Ce r\u00e9seau leur permet de se cr\u00e9er des partenariats, de trouver des investisseurs ou des clients, et de r\u00e9pondre aux premiers d\u00e9fis de la cr\u00e9ation d&rsquo;entreprise. Les start-up technologiques, actives dans des domaines tels que la biotechnologie, l&rsquo;\u00e9nergie ou l&rsquo;intelligence artificielle, trouvent dans le Valais un terrain fertile pour leur d\u00e9veloppement.<\/p>\n\n\n\n<p>La grande majorit\u00e9 des start-up issues de l&rsquo;incubateur The Ark s&rsquo;installent et p\u00e9rennisent leurs activit\u00e9s en Valais, b\u00e9n\u00e9ficiant ainsi d&rsquo;une localisation unique et d&rsquo;une connexion \u00e9troite avec les acteurs locaux. \u00ab\u2009Ces start-up contribuent \u00e0 renforcer le tissu \u00e9conomique valaisan, \u00e0 dynamiser l&rsquo;\u00e9cosyst\u00e8me entrepreneurial et \u00e0 rendre l&rsquo;\u00e9conomie cantonale plus attractive\u2009\u00bb.<\/p>\n\n\n\n<p>En conclusion, le Valais se pr\u00e9sente comme un choix strat\u00e9gique pour les entrepreneurs technologiques, offrant un environnement propice \u00e0 l&rsquo;innovation et au d\u00e9veloppement \u00e9conomique.<\/p>\n\n\n\n<p><strong><a href=\"https:\/\/www.sab.ch\/wp-content\/uploads\/2024\/12\/4.Artikel.12_24.pdf\" target=\"_blank\" rel=\"noopener\">Lire l\u2019interview compl\u00e8te ici<\/a><\/strong><\/p>\n","protected":false},"excerpt":{"rendered":"<p>Dans une r\u00e9cente interview publi\u00e9e dans la revue Montagna, S\u00e9bastien Mabillard, responsable de l\u2019Incubateur de la Fondation The Ark, a mis en lumi\u00e8re les avantages uniques de fonder une start-up dans un canton alpin comme le Valais. Gr\u00e2ce \u00e0 l&rsquo;\u00e9cosyst\u00e8me innovant d\u00e9velopp\u00e9 par The Ark, le Valais offre selon lui un environnement privil\u00e9gi\u00e9 pour les entrepreneurs d\u00e9sireux de lancer et d\u00e9velopper leurs projets dans un cadre \u00e0 la fois stimulant et apaisant.<\/p>\n","protected":false},"author":5,"featured_media":46818,"comment_status":"closed","ping_status":"closed","sticky":false,"template":"","format":"standard","meta":{"_acf_changed":false,"footnotes":""},"categories":[],"tags":[],"class_list":["post-46816","post","type-post","status-publish","format-standard","has-post-thumbnail","hentry"],"acf":[],"_links":{"self":[{"href":"https:\/\/theark.ch\/fr\/wp-json\/wp\/v2\/posts\/46816","targetHints":{"allow":["GET"]}}],"collection":[{"href":"https:\/\/theark.ch\/fr\/wp-json\/wp\/v2\/posts"}],"about":[{"href":"https:\/\/theark.ch\/fr\/wp-json\/wp\/v2\/types\/post"}],"author":[{"embeddable":true,"href":"https:\/\/theark.ch\/fr\/wp-json\/wp\/v2\/users\/5"}],"replies":[{"embeddable":true,"href":"https:\/\/theark.ch\/fr\/wp-json\/wp\/v2\/comments?post=46816"}],"version-history":[{"count":4,"href":"https:\/\/theark.ch\/fr\/wp-json\/wp\/v2\/posts\/46816\/revisions"}],"predecessor-version":[{"id":47047,"href":"https:\/\/theark.ch\/fr\/wp-json\/wp\/v2\/posts\/46816\/revisions\/47047"}],"wp:featuredmedia":[{"embeddable":true,"href":"https:\/\/theark.ch\/fr\/wp-json\/wp\/v2\/media\/46818"}],"wp:attachment":[{"href":"https:\/\/theark.ch\/fr\/wp-json\/wp\/v2\/media?parent=46816"}],"wp:term":[{"taxonomy":"category","embeddable":true,"href":"https:\/\/theark.ch\/fr\/wp-json\/wp\/v2\/categories?post=46816"},{"taxonomy":"post_tag","embeddable":true,"href":"https:\/\/theark.ch\/fr\/wp-json\/wp\/v2\/tags?post=46816"}],"curies":[{"name":"wp","href":"https:\/\/api.w.org\/{rel}","templated":true}]}}