{"id":46838,"date":"2025-01-27T08:09:40","date_gmt":"2025-01-27T07:09:40","guid":{"rendered":"https:\/\/theark.ch\/?p=46838"},"modified":"2025-05-19T16:50:27","modified_gmt":"2025-05-19T14:50:27","slug":"nouvelle-annee-record-pour-la-creation-dentreprises","status":"publish","type":"post","link":"https:\/\/theark.ch\/fr\/news\/nouvelle-annee-record-pour-la-creation-dentreprises\/","title":{"rendered":"nouvelle ann\u00e9e record pour la cr\u00e9ation d&rsquo;entreprises"},"content":{"rendered":"\n<h5 class=\"wp-block-heading\"><strong>jamais autant d&rsquo;entreprises n&rsquo;ont \u00e9t\u00e9 cr\u00e9\u00e9es en suisse que l&rsquo;ann\u00e9e derni\u00e8re. selon une \u00e9tude r\u00e9cente de l&rsquo;institut ifj (institut f\u00fcr jungunternehmen), un total de 52&rsquo;978 nouvelles entreprises ont \u00e9t\u00e9 enregistr\u00e9es &#8211; d\u00e9passant ainsi le record de 2023. cette nouvelle augmentation de 2,6% souligne la croissance continue et l&rsquo;attractivit\u00e9 de la suisse en tant que lieu d&rsquo;implantation d&rsquo;entreprises. la comparaison entre les cantons le montre : en valais aussi, on a enregistr\u00e9 nettement plus de nouvelles inscriptions.<\/strong><\/h5>\n\n\n\n<p>avec pr\u00e8s de 53 000 cr\u00e9ations d&rsquo;entreprises en suisse, un nouveau record a \u00e9t\u00e9 \u00e9tabli l&rsquo;ann\u00e9e derni\u00e8re. simon may, co-directeur de l&rsquo;<a href=\"https:\/\/www.ifj.ch\/fr\" target=\"_blank\" rel=\"noopener\">ifj<\/a>, explique : \u00ab l&rsquo;augmentation continue des cr\u00e9ations d&rsquo;entreprises refl\u00e8te le d\u00e9sir de nombreuses personnes de se r\u00e9aliser professionnellement et d&rsquo;\u00eatre ind\u00e9pendantes. l&rsquo;augmentation du travail ind\u00e9pendant \u00e0 temps partiel, en particulier, offre \u00e0 de nombreux cr\u00e9ateurs d&rsquo;entreprise la possibilit\u00e9 de franchir le pas et de se mettre \u00e0 leur compte en prenant des risques limit\u00e9s \u00bb.<\/p>\n\n\n\n<h5 class=\"wp-block-heading\"><strong>nettement plus de nouvelles inscriptions en valais<\/strong><\/h5>\n\n\n\n<p>en 2024, le sud-ouest de la suisse (+6,3%) \u00e9tait la grande r\u00e9gion avec la plus forte croissance des nouvelles entreprises. l&rsquo;espace mittelland (+3,4%) et le tessin (+3,0%) ont \u00e9galement enregistr\u00e9 une nette croissance par rapport \u00e0 la m\u00eame p\u00e9riode de l&rsquo;ann\u00e9e pr\u00e9c\u00e9dente. une croissance mod\u00e9r\u00e9e a \u00e9t\u00e9 constat\u00e9e dans les r\u00e9gions de suisse centrale (+2,0%), de zurich (+1,2%) et de suisse orientale (+1,1%). le nord-ouest de la suisse a \u00e9t\u00e9 la seule r\u00e9gion \u00e0 enregistrer une baisse de -1,0%. avec 2580 nouvelles inscriptions en 2024, le canton du valais a \u00e9galement enregistr\u00e9 une nette augmentation par rapport \u00e0 l&rsquo;ann\u00e9e pr\u00e9c\u00e9dente (+10,7%).<\/p>\n\n\n\n<p>en suisse, les entreprises individuelles ont \u00e9t\u00e9 la forme juridique qui a connu la plus forte croissance en 2024, avec une augmentation de +3,4% par rapport \u00e0 la m\u00eame p\u00e9riode de l&rsquo;ann\u00e9e pr\u00e9c\u00e9dente. la soci\u00e9t\u00e9 anonyme (sa) suivait avec une solide croissance de +2,4%, tandis que la soci\u00e9t\u00e9 \u00e0 responsabilit\u00e9 limit\u00e9e (s\u00e0rl) progressait de +1,5% et restait la forme juridique la plus populaire parmi les nouvelles entreprises. la soci\u00e9t\u00e9 en nom collectif, autre forme juridique importante, a enregistr\u00e9 un recul de -1,2%.<\/p>\n\n\n\n<h5 class=\"wp-block-heading\"><strong>les start-up bas\u00e9es sur la technologie parmi les records<\/strong><\/h5>\n\n\n\n<p>les trois secteurs qui sont mont\u00e9s sur le podium en 2024 sont l&rsquo;artisanat (5&rsquo;555 cr\u00e9ations), le conseil (5&rsquo;256 cr\u00e9ations) et l&rsquo;immobilier (4&rsquo;883 cr\u00e9ations). le commerce de d\u00e9tail (4&rsquo;585 cr\u00e9ations) et les services b2b &amp; b2c (4&rsquo;379 cr\u00e9ations) suivent de pr\u00e8s. il est toutefois int\u00e9ressant d&rsquo;observer que le paysage suisse de la cr\u00e9ation d&rsquo;entreprise s&rsquo;est av\u00e9r\u00e9 tr\u00e8s diversifi\u00e9 avec les 21 branches attribu\u00e9es dans l&rsquo;\u00e9tude.<\/p>\n\n\n\n<p>dans l&rsquo;environnement des start-up bas\u00e9es sur la technologie, le volume de financement \u00e9tait certes encore inf\u00e9rieur aux valeurs records des ann\u00e9es 2021 et 2022, selon l&rsquo;ifj, mais diff\u00e9rents signaux positifs sont apparus. il s&rsquo;agit notamment de l&rsquo;augmentation des investissements dans les domaines de la biotechnologie et de la technologie m\u00e9dicale, du nombre croissant d&rsquo;initiatives de promotion et du fait qu&rsquo;horizon europe sera \u00e0 nouveau accessible aux participations suisses \u00e0 partir de janvier 2025. selon l&rsquo;ifj, cela souligne la position de leader de la suisse dans l&rsquo;environnement mondial de l&rsquo;innovation.<\/p>\n\n\n\n<p><strong>source<\/strong>&nbsp;: <a href=\"https:\/\/www.ifj.ch\/Creation-dentreprises-en-Suisse-2024\" target=\"_blank\" rel=\"noopener\">communiqu\u00e9 de presse de l\u2019ifj<\/a><\/p>\n","protected":false},"excerpt":{"rendered":"<p>jamais autant d&rsquo;entreprises n&rsquo;ont \u00e9t\u00e9 cr\u00e9\u00e9es en suisse que l&rsquo;ann\u00e9e derni\u00e8re. selon une \u00e9tude r\u00e9cente de l&rsquo;institut ifj (institut f\u00fcr jungunternehmen), un total de 52&rsquo;978 nouvelles entreprises ont \u00e9t\u00e9 enregistr\u00e9es. cette nouvelle augmentation de 2,6% souligne la croissance continue et l&rsquo;attractivit\u00e9 de la suisse en tant que lieu d&rsquo;implantation d&rsquo;entreprises. la comparaison entre les cantons le montre : en valais aussi, on a enregistr\u00e9 nettement plus de nouvelles inscriptions.<\/p>\n","protected":false},"author":3,"featured_media":46851,"comment_status":"closed","ping_status":"closed","sticky":false,"template":"","format":"standard","meta":{"_acf_changed":false,"footnotes":""},"categories":[196],"tags":[],"class_list":["post-46838","post","type-post","status-publish","format-standard","has-post-thumbnail","hentry","category-mecanique"],"acf":[],"_links":{"self":[{"href":"https:\/\/theark.ch\/fr\/wp-json\/wp\/v2\/posts\/46838","targetHints":{"allow":["GET"]}}],"collection":[{"href":"https:\/\/theark.ch\/fr\/wp-json\/wp\/v2\/posts"}],"about":[{"href":"https:\/\/theark.ch\/fr\/wp-json\/wp\/v2\/types\/post"}],"author":[{"embeddable":true,"href":"https:\/\/theark.ch\/fr\/wp-json\/wp\/v2\/users\/3"}],"replies":[{"embeddable":true,"href":"https:\/\/theark.ch\/fr\/wp-json\/wp\/v2\/comments?post=46838"}],"version-history":[{"count":4,"href":"https:\/\/theark.ch\/fr\/wp-json\/wp\/v2\/posts\/46838\/revisions"}],"predecessor-version":[{"id":46867,"href":"https:\/\/theark.ch\/fr\/wp-json\/wp\/v2\/posts\/46838\/revisions\/46867"}],"wp:featuredmedia":[{"embeddable":true,"href":"https:\/\/theark.ch\/fr\/wp-json\/wp\/v2\/media\/46851"}],"wp:attachment":[{"href":"https:\/\/theark.ch\/fr\/wp-json\/wp\/v2\/media?parent=46838"}],"wp:term":[{"taxonomy":"category","embeddable":true,"href":"https:\/\/theark.ch\/fr\/wp-json\/wp\/v2\/categories?post=46838"},{"taxonomy":"post_tag","embeddable":true,"href":"https:\/\/theark.ch\/fr\/wp-json\/wp\/v2\/tags?post=46838"}],"curies":[{"name":"wp","href":"https:\/\/api.w.org\/{rel}","templated":true}]}}