{"id":4726,"date":"2017-08-29T19:07:00","date_gmt":"2017-08-29T17:07:00","guid":{"rendered":"http:\/\/theark.ch\/collaborer-plutot-que-de-se-faire-concurrence-pour-garantir-lapprovisionnement-8818\/"},"modified":"2017-08-29T19:07:00","modified_gmt":"2017-08-29T17:07:00","slug":"collaborer-plutot-que-de-se-faire-concurrence-pour-garantir-lapprovisionnement-8818","status":"publish","type":"post","link":"https:\/\/theark.ch\/fr\/news\/collaborer-plutot-que-de-se-faire-concurrence-pour-garantir-lapprovisionnement-8818\/","title":{"rendered":"Collaborer plut\u00f4t que de se faire concurrence, pour garantir l\u2019approvisionnement"},"content":{"rendered":"<p><strong>Les acteurs des diff\u00e9rents niveaux du r\u00e9seau \u00e9lectrique suisse doivent collaborer et non pas se concurrencer, avec comme but final d\u2019assurer l\u2019approvisionnement \u00e9nerg\u00e9tique. Reste que le march\u00e9 est actuellement distordu, entre des producteurs de certains domaines qui souffrent et des distributeurs qui se portent bien. Le politique est en train de r\u00e9fl\u00e9chir \u00e0 agir, comme l\u2019a pr\u00e9cis\u00e9 le conseiller national Yannick Buttet lors de la table ronde organis\u00e9e dans le cadre de la <a href=\"https:\/\/www.booking-corner.com\/portalCimArk\/cmsscripts\/default.aspx\" target=\"_blank\" rel=\"noopener\">journ\u00e9e nationale Smart Energy<\/a>. <\/strong><\/p>\n<p>Cette table ronde a \u00e9t\u00e9 mod\u00e9r\u00e9e par Jean-Albert Ferrez (<a href=\"https:\/\/www.esr.ch\/fr\/\" target=\"_blank\" rel=\"noopener\">Energies Sion R\u00e9gion<\/a>). Elle a r\u00e9uni des acteurs du r\u00e9seau \u00e9lectrique suisse, dont <a href=\"https:\/\/www.swissgrid.ch\/swissgrid\/fr\/home.html\" target=\"_blank\" rel=\"noopener\">Swissgrid<\/a>. Il a \u00e9t\u00e9 question de la collaboration entre les protagonistes. \u00ab\u2009Dans un contexte de changement fondamental des moyens de production, il ne faut pas que les diff\u00e9rents niveaux de r\u00e9seaux soient en concurrence. L\u2019essentiel est vraiment de collaborer et d\u2019assurer la disponibilit\u00e9 de l\u2019\u00e9nergie pour les clients finaux\u2009\u00bb, pr\u00e9cise St\u00e9phane Maret, directeur de la Gestion des R\u00e9seaux de Distribution aux Services Industriels de Gen\u00e8ve (<a href=\"http:\/\/www.sig-ge.ch\/particuliers\/home\" target=\"_blank\" rel=\"noopener\">SIG<\/a>).<br \/>\n\u00a0<\/p>\n<p><strong>Travailler dans le m\u00eame sens pour que la Suisse redevienne pr\u00e9curseur <\/strong><br \/>\nChristian Schaffner, directeur de l\u2019<a href=\"http:\/\/www.esc.ethz.ch\/\" target=\"_blank\" rel=\"noopener\">Energy Science Center<\/a> de l\u2019EPFZ, abonde dans le m\u00eame sens. \u00ab\u2009Les opportunit\u00e9s de collaboration sont grandes. Il faut r\u00e9unir tous les acteurs du domaine pour travailler dans le m\u00eame sens\u2009\u00bb. Cela permettra ainsi \u00e0 la Suisse de retrouver son r\u00f4le de pr\u00e9curseur qu\u2019elle avait avec l\u2019\u00e9closion de l\u2019hydraulique et qu\u2019elle a perdu depuis.<\/p>\n<p>\u00ab\u2009Nous avons une tr\u00e8s bonne infrastructure, de la main-d\u2019\u0153uvre qualifi\u00e9e, des instituts de recherche comp\u00e9tents et les moyens financiers. Sur cette base, la Suisse pourrait avancer plus vite et plus loin\u2009\u00bb. Par exemple en automatisant les b\u00e2timents ou en d\u00e9veloppant encore davantage l\u2019\u00e9lectro-mobilit\u00e9. La Suisse, avec ses courtes distances, est adapt\u00e9e pour le faire et montrer l\u2019exemple. \u00ab\u2009Reste que pour l\u2019heure, le monde de la recherche attend une collaboration plus active avec l\u2019industrie, notamment pour le partage de donn\u00e9es et de savoir-faire\u2009\u00bb.<br \/>\n\u00a0<\/p>\n<p><strong>L\u2019argent est l\u00e0, mais mal r\u00e9parti<\/strong><br \/>\nAu niveau politique, le conseiller national Yannick Buttet, qui a accompagn\u00e9 le processus de la strat\u00e9gie 2050, se plait \u00e0 sentir un changement de mentalit\u00e9 au sein de la population. \u00ab\u2009Le risque maintenant est que nous n\u2019ayons pas les moyens de nos ambitions\u2009\u00bb. \u00a0<\/p>\n<p>Dans les couloirs du Parlement suisse, on ne parle plus de la strat\u00e9gie \u00e9nerg\u00e9tique, mais plut\u00f4t de la strat\u00e9gie r\u00e9seau. Comment faire pour que la Suisse reste une plaque tournante de l\u2019\u00e9nergie en Europe\u2009? Comment mettre en \u0153uvre au niveau r\u00e9seau les objectifs de la strat\u00e9gie 2050\u2009? Le CO2 est \u00e9galement une pr\u00e9occupation du Parlement, selon Yannick Buttet, tout comme le \u00ab\u2009design\u2009\u00bb du march\u00e9, notamment pour l\u2019hydro\u00e9lectricit\u00e9.<\/p>\n<p>\u00ab\u2009L\u2019argent n\u2019est pas r\u00e9parti \u00e9quitablement entre les distributeurs et les producteurs, qui ont des soucis et pas de clients finaux\u2009\u00bb. Or, il y a assez d\u2019argent disponible dans le domaine. \u00ab\u2009Il ne s\u2019agit pas de nationaliser le syst\u00e8me, mais de pouvoir financer les producteurs avec l\u2019argent des distributeurs. Dans les faits, le march\u00e9 actuel n\u2019est pas lib\u00e9ralis\u00e9\u2009: c\u2019est l\u2019une des causes principales du syst\u00e8me actuel. Cela cr\u00e9e des d\u00e9s\u00e9quilibres et des dysfonctionnements, que le politique doit r\u00e9gler\u2009\u00bb.<\/p>\n<p>\u00a0<\/p>\n<p><em>Propos recueillis le 25 ao\u00fbt 2017<\/em><\/p>\n<p>\u00a0<\/p>\n","protected":false},"excerpt":{"rendered":"<p>Les acteurs des diff\u00e9rents niveaux du r\u00e9seau \u00e9lectrique suisse doivent collaborer et non pas se concurrencer, avec comme but final d\u2019assurer l\u2019approvisionnement \u00e9nerg\u00e9tique. Reste que le march\u00e9 est actuellement distordu, entre des producteurs de certains domaines qui souffrent et des distributeurs qui se portent bien. Le politique est en train de r\u00e9fl\u00e9chir \u00e0 agir, comme [&hellip;]<\/p>\n","protected":false},"author":1,"featured_media":20715,"comment_status":"closed","ping_status":"closed","sticky":false,"template":"","format":"standard","meta":{"_acf_changed":false,"footnotes":""},"categories":[189],"tags":[],"class_list":["post-4726","post","type-post","status-publish","format-standard","has-post-thumbnail","hentry","category-energie"],"acf":[],"_links":{"self":[{"href":"https:\/\/theark.ch\/fr\/wp-json\/wp\/v2\/posts\/4726","targetHints":{"allow":["GET"]}}],"collection":[{"href":"https:\/\/theark.ch\/fr\/wp-json\/wp\/v2\/posts"}],"about":[{"href":"https:\/\/theark.ch\/fr\/wp-json\/wp\/v2\/types\/post"}],"author":[{"embeddable":true,"href":"https:\/\/theark.ch\/fr\/wp-json\/wp\/v2\/users\/1"}],"replies":[{"embeddable":true,"href":"https:\/\/theark.ch\/fr\/wp-json\/wp\/v2\/comments?post=4726"}],"version-history":[{"count":0,"href":"https:\/\/theark.ch\/fr\/wp-json\/wp\/v2\/posts\/4726\/revisions"}],"wp:featuredmedia":[{"embeddable":true,"href":"https:\/\/theark.ch\/fr\/wp-json\/wp\/v2\/media\/20715"}],"wp:attachment":[{"href":"https:\/\/theark.ch\/fr\/wp-json\/wp\/v2\/media?parent=4726"}],"wp:term":[{"taxonomy":"category","embeddable":true,"href":"https:\/\/theark.ch\/fr\/wp-json\/wp\/v2\/categories?post=4726"},{"taxonomy":"post_tag","embeddable":true,"href":"https:\/\/theark.ch\/fr\/wp-json\/wp\/v2\/tags?post=4726"}],"curies":[{"name":"wp","href":"https:\/\/api.w.org\/{rel}","templated":true}]}}