{"id":47558,"date":"2025-04-02T07:30:00","date_gmt":"2025-04-02T05:30:00","guid":{"rendered":"https:\/\/theark.ch\/?p=47558"},"modified":"2025-05-19T16:49:54","modified_gmt":"2025-05-19T14:49:54","slug":"prix-digitourism-2025-recompensez-vos-projets-digitaux-exemplaires","status":"publish","type":"post","link":"https:\/\/theark.ch\/fr\/news\/prix-digitourism-2025-recompensez-vos-projets-digitaux-exemplaires\/","title":{"rendered":"Prix Digitourism 2025 : r\u00e9compensez vos projets digitaux exemplaires !"},"content":{"rendered":"\n<h5 class=\"wp-block-heading\">Digitourism met en avant les initiatives digitales qui transforment le tourisme en Valais. Le Prix Digitourism 2025 vise \u00e0 r\u00e9compenser les entreprises touristiques valaisannes ayant mis en place des projets digitaux innovants. Le laur\u00e9at recevra jusqu\u2019\u00e0 CHF 15&rsquo;000.-, ainsi qu&rsquo;une mise en valeur lors des journ\u00e9es Digitourism 2025 et sur les canaux de communication du programme Digitourism.<\/h5>\n\n\n\n<p><strong>Pourquoi participer ?<\/strong><\/p>\n\n\n\n<p>Si votre entreprise a d\u00e9velopp\u00e9 une solution digitale ayant am\u00e9lior\u00e9 l&rsquo;exp\u00e9rience client ou collaborateur, optimis\u00e9 vos r\u00e9sultats ou acc\u00e9l\u00e9r\u00e9 votre efficacit\u00e9, ce prix est fait pour vous !<\/p>\n\n\n\n<p><strong>Modalit\u00e9s de participation<\/strong><\/p>\n\n\n\n<ul class=\"wp-block-list\">\n<li>Soumettez votre projet via le formulaire en ligne avant le dimanche 20 avril 2025 \u00e0 minuit.<\/li>\n\n\n\n<li>Votre dossier sera analys\u00e9 par un jury compos\u00e9 de sp\u00e9cialistes du digital et du tourisme.<\/li>\n\n\n\n<li>Le ou les laur\u00e9ats seront annonc\u00e9s le mardi 27 mai 2025, lors des journ\u00e9es Digitourism.<\/li>\n<\/ul>\n\n\n\n<p><strong>Qui peut participer ?<\/strong><\/p>\n\n\n\n<p>Les entreprises touristiques valaisannes proposant des produits, services ou exp\u00e9riences touristiques aux clients finaux (h\u00f4tes) sont \u00e9ligibles. Leur si\u00e8ge social doit \u00eatre enregistr\u00e9 en Valais. Les organisateurs de manifestations (associations, ind\u00e9pendants) peuvent \u00eatre accept\u00e9s au cas par cas. Les destinations, offices de tourisme et communes ne sont en principe pas \u00e9ligibles.<\/p>\n\n\n\n<p><strong>Plus d\u2019informations\u00a0: <\/strong><a href=\"https:\/\/digitourism.ch\/fr\/prix-digitourism-2025\/\" target=\"_blank\" rel=\"noopener\"><strong>Prix Digitourism 2025 \u2013 Digitourism<\/strong><\/a><\/p>\n","protected":false},"excerpt":{"rendered":"<p>Digitourism met en avant les initiatives digitales qui transforment le tourisme en Valais. Le Prix Digitourism 2025 vise \u00e0 r\u00e9compenser les entreprises touristiques valaisannes ayant mis en place des projets digitaux innovants. Le laur\u00e9at recevra jusqu\u2019\u00e0 CHF 15&rsquo;000.-, ainsi qu&rsquo;une mise en valeur lors des journ\u00e9es Digitourism 2025 et sur les canaux de communication du programme Digitourism.<\/p>\n","protected":false},"author":5,"featured_media":47559,"comment_status":"closed","ping_status":"closed","sticky":false,"template":"","format":"standard","meta":{"_acf_changed":false,"footnotes":""},"categories":[186],"tags":[],"class_list":["post-47558","post","type-post","status-publish","format-standard","has-post-thumbnail","hentry","category-digital"],"acf":[],"_links":{"self":[{"href":"https:\/\/theark.ch\/fr\/wp-json\/wp\/v2\/posts\/47558","targetHints":{"allow":["GET"]}}],"collection":[{"href":"https:\/\/theark.ch\/fr\/wp-json\/wp\/v2\/posts"}],"about":[{"href":"https:\/\/theark.ch\/fr\/wp-json\/wp\/v2\/types\/post"}],"author":[{"embeddable":true,"href":"https:\/\/theark.ch\/fr\/wp-json\/wp\/v2\/users\/5"}],"replies":[{"embeddable":true,"href":"https:\/\/theark.ch\/fr\/wp-json\/wp\/v2\/comments?post=47558"}],"version-history":[{"count":3,"href":"https:\/\/theark.ch\/fr\/wp-json\/wp\/v2\/posts\/47558\/revisions"}],"predecessor-version":[{"id":47661,"href":"https:\/\/theark.ch\/fr\/wp-json\/wp\/v2\/posts\/47558\/revisions\/47661"}],"wp:featuredmedia":[{"embeddable":true,"href":"https:\/\/theark.ch\/fr\/wp-json\/wp\/v2\/media\/47559"}],"wp:attachment":[{"href":"https:\/\/theark.ch\/fr\/wp-json\/wp\/v2\/media?parent=47558"}],"wp:term":[{"taxonomy":"category","embeddable":true,"href":"https:\/\/theark.ch\/fr\/wp-json\/wp\/v2\/categories?post=47558"},{"taxonomy":"post_tag","embeddable":true,"href":"https:\/\/theark.ch\/fr\/wp-json\/wp\/v2\/tags?post=47558"}],"curies":[{"name":"wp","href":"https:\/\/api.w.org\/{rel}","templated":true}]}}