{"id":4933,"date":"2017-12-04T15:28:00","date_gmt":"2017-12-04T14:28:00","guid":{"rendered":"http:\/\/theark.ch\/une-premiere-innovibes-reussie-dans-le-haut-valais-8914\/"},"modified":"2017-12-04T15:28:00","modified_gmt":"2017-12-04T13:28:00","slug":"une-premiere-innovibes-reussie-dans-le-haut-valais-8914","status":"publish","type":"post","link":"https:\/\/theark.ch\/fr\/news\/une-premiere-innovibes-reussie-dans-le-haut-valais-8914\/","title":{"rendered":"Une premi\u00e8re InnoVibes r\u00e9ussie dans le Haut-Valais"},"content":{"rendered":"<p><strong>Plus de 70 personnes dans la salle, plus de 100 internautes connect\u00e9s en live via la plateforme <a href=\"https:\/\/hazu.io\/ambord\/Veranstaltung-BioArk-Visp\" target=\"_blank\" rel=\"noopener\">Hazu<\/a>\u2009: la premi\u00e8re conf\u00e9rence InnoVibes organis\u00e9e la semaine derni\u00e8re dans le Haut-Valais a tenu toutes ses promesses en termes de fr\u00e9quentation. Mais \u00e9galement en termes de contenu, avec l\u2019expos\u00e9 de Beat Ambord, CEO de F1rst International. Ce dernier a \u00e9voqu\u00e9 les enjeux du marketing digital pour les PME. L\u2019exp\u00e9rience InnoVibes, conf\u00e9rences mises sur pied par The Ark, sera renouvel\u00e9e l\u2019an prochain.\u00a0<\/strong><\/p>\n<p>Pour la premi\u00e8re fois depuis leur lancement en avril dernier, la s\u00e9rie de conf\u00e9rences InnoVibes s\u2019est \u00ab\u2009export\u00e9e\u2009\u00bb dans le Haut-Valais, plus pr\u00e9cis\u00e9ment au <a href=\"http:\/\/www.bioarkvisp.ch\/fr\/\" target=\"_blank\" rel=\"noopener\">BioArk de Vi\u00e8ge<\/a>. \u00ab\u2009C\u2019est une premi\u00e8re r\u00e9ussie, qui a permis de d\u00e9couvrir un orateur et un sujet tr\u00e8s int\u00e9ressants, mais \u00e9galement de dialoguer avec des repr\u00e9sentants de PME de la r\u00e9gion. Ces derniers ont pu \u00e9galement d\u00e9couvrir les installations du BioArk de Vi\u00e8ge, d\u00e9di\u00e9es principalement aux biotechnologies\u2009\u00bb, note Paul-Andr\u00e9 Vogel, responsable innovation aupr\u00e8s de la <a href=\"http:\/\/theark.ch\/\" target=\"_blank\" rel=\"noopener\">Fondation The Ark<\/a>.\u00a0<br \/>\n\u00a0<\/p>\n<p><strong>Originalit\u00e9 du concept<\/strong><br \/>\nL\u2019introduction g\u00e9n\u00e9rale de Paul-Andr\u00e9 Vogel, a permis de pr\u00e9senter l\u2019originalit\u00e9 du concept des InnoVibes\u2009: les participants d\u00e9cident eux-m\u00eames des th\u00e9matiques et des orateurs des prochaines conf\u00e9rences. C\u2019est ensuite Beat Ambord, sp\u00e9cialiste du marketing digital et CEO de F1rst International, qui a pris la parole. Durant environ 45 minutes, l\u2019orateur a tenu en haleine les participants, gr\u00e2ce \u00e0 des exemples concrets.\u00a0<\/p>\n<p>L\u2019ensemble de son intervention est \u00e0 retrouver sur la plateforme <a href=\"https:\/\/hazu.io\/ambord\/Veranstaltung-BioArk-Visp\" target=\"_blank\" rel=\"noopener\">Hazu<\/a>, d\u00e9velopp\u00e9e dans le Haut-Valais par une start-up locale. Il est \u00e9galement possible de commander son fichier de pr\u00e9sentation via ce lien.\u00a0<br \/>\n\u00a0<\/p>\n<p><strong>Les votes pour 2018 sont ouverts<\/strong><br \/>\nLa conf\u00e9rence s\u2019est termin\u00e9e par un lunch, moment privil\u00e9gi\u00e9 pour l\u2019\u00e9change et les discussions autour de la th\u00e9matique du jour, mais \u00e9galement de l\u2019innovation en g\u00e9n\u00e9ral (<a href=\"https:\/\/www.innovibes.ch\/fr\/events\/?id=2057\" target=\"_blank\" rel=\"noopener\">voir galerie photos ici<\/a>).\u00a0<\/p>\n<p>Les prochaines conf\u00e9rences InnoVibes auront lieu en 2018 dans les principales villes du canton. Les dates sont disponibles sur le site. Il est d\u2019ores et d\u00e9j\u00e0 possible de proposer et de voter pour des orateurs et th\u00e9matiques, via le site internet <a href=\"https:\/\/www.innovibes.ch\/fr\/accueil\/\" target=\"_blank\" rel=\"noopener\">www.innovibes.ch<\/a>.<br \/>\n\u00a0<\/p>\n","protected":false},"excerpt":{"rendered":"<p>Plus de 70 personnes dans la salle, plus de 100 internautes connect\u00e9s en live via la plateforme Hazu\u2009: la premi\u00e8re conf\u00e9rence InnoVibes organis\u00e9e la semaine derni\u00e8re dans le Haut-Valais a tenu toutes ses promesses en termes de fr\u00e9quentation. Mais \u00e9galement en termes de contenu, avec l\u2019expos\u00e9 de Beat Ambord, CEO de F1rst International. Ce dernier [&hellip;]<\/p>\n","protected":false},"author":1,"featured_media":20879,"comment_status":"closed","ping_status":"closed","sticky":false,"template":"","format":"standard","meta":{"_acf_changed":false,"footnotes":""},"categories":[186],"tags":[],"class_list":["post-4933","post","type-post","status-publish","format-standard","has-post-thumbnail","hentry","category-digital"],"acf":[],"_links":{"self":[{"href":"https:\/\/theark.ch\/fr\/wp-json\/wp\/v2\/posts\/4933","targetHints":{"allow":["GET"]}}],"collection":[{"href":"https:\/\/theark.ch\/fr\/wp-json\/wp\/v2\/posts"}],"about":[{"href":"https:\/\/theark.ch\/fr\/wp-json\/wp\/v2\/types\/post"}],"author":[{"embeddable":true,"href":"https:\/\/theark.ch\/fr\/wp-json\/wp\/v2\/users\/1"}],"replies":[{"embeddable":true,"href":"https:\/\/theark.ch\/fr\/wp-json\/wp\/v2\/comments?post=4933"}],"version-history":[{"count":0,"href":"https:\/\/theark.ch\/fr\/wp-json\/wp\/v2\/posts\/4933\/revisions"}],"wp:featuredmedia":[{"embeddable":true,"href":"https:\/\/theark.ch\/fr\/wp-json\/wp\/v2\/media\/20879"}],"wp:attachment":[{"href":"https:\/\/theark.ch\/fr\/wp-json\/wp\/v2\/media?parent=4933"}],"wp:term":[{"taxonomy":"category","embeddable":true,"href":"https:\/\/theark.ch\/fr\/wp-json\/wp\/v2\/categories?post=4933"},{"taxonomy":"post_tag","embeddable":true,"href":"https:\/\/theark.ch\/fr\/wp-json\/wp\/v2\/tags?post=4933"}],"curies":[{"name":"wp","href":"https:\/\/api.w.org\/{rel}","templated":true}]}}