{"id":5098,"date":"2018-03-12T10:27:00","date_gmt":"2018-03-12T09:27:00","guid":{"rendered":"http:\/\/theark.ch\/la-start-up-keylemon-restera-en-valais-la-ou-elle-a-grandi-avec-succes-8989\/"},"modified":"2018-03-12T10:27:00","modified_gmt":"2018-03-12T08:27:00","slug":"la-start-up-keylemon-restera-en-valais-la-ou-elle-a-grandi-avec-succes-8989","status":"publish","type":"post","link":"https:\/\/theark.ch\/fr\/news\/la-start-up-keylemon-restera-en-valais-la-ou-elle-a-grandi-avec-succes-8989\/","title":{"rendered":"La start-up KeyLemon, restera en Valais, l\u00e0 o\u00f9 elle a grandi avec succ\u00e8s\u2009!"},"content":{"rendered":"<p><strong>Fin f\u00e9vrier, la multinationale ams AG &#8211; l\u2019un des principaux fournisseurs d\u2019Apple &#8211; annon\u00e7ait l\u2019acquisition de la start-up valaisanne KeyLemon. Cette success-story, initi\u00e9e en 2006, se poursuivra en Valais puisque ams AG souhaite faire de KeyLemon son centre de recherche et d\u00e9veloppement pour ses activit\u00e9s de biom\u00e9trie. Le succ\u00e8s de KeyLemon est intimement li\u00e9 au travail de ses fondateurs et employ\u00e9s, mais \u00e9galement aux acteurs acad\u00e9miques et d\u2019accompagnement de l\u2019innovation en Valais, parmi lesquelles Business Valais (via la Fondation The Ark et le Centre de cautionnement et de financement), l\u2019Institut Idiap et la HES-SO Valais Wallis.\u00a0<\/strong><\/p>\n<p>\u00ab\u2009Les acteurs valaisans du soutien \u00e0 l\u2019innovation ont clairement permis \u00e0 notre start-up de d\u00e9marrer, de grandir, de se cr\u00e9dibiliser et, finalement, de pouvoir jouer dans la cour des grands. Et il est possible d\u2019innover et de cr\u00e9er des solutions technologiques de pointe en Valais\u2009: nous en sommes la preuve\u2009\u00bb, pr\u00e9cise Gilles Florey, CEO et co-fondateur de <a href=\"https:\/\/www.keylemon.com\/\" target=\"_blank\" rel=\"noopener\">KeyLemon<\/a>.\u00a0<\/p>\n<p>L\u2019histoire de KeyLemon a d\u00e9but\u00e9 en automne 2006, dans le cadre du programme Business Experience de la <a href=\"https:\/\/www.hevs.ch\/fr\/\" target=\"_blank\" rel=\"noopener\">HES-SO Valais Wallis<\/a>. \u00ab\u2009J\u2019ai \u00e9t\u00e9 s\u00e9duit par un premier prototype pr\u00e9sent\u00e9 par l\u2019institut Idiap\u2009\u00bb, se rappelle Gilles Florey. Sous l\u2019\u00e9gide du prof. Antoine Perruchoud, les premiers travaux ont \u00e9t\u00e9 lanc\u00e9s, en collaboration avec Yann Rodriguez, alors \u00e0 l\u2019<a href=\"https:\/\/www.idiap.ch\/fr\" target=\"_blank\" rel=\"noopener\">Idiap<\/a>. La <a href=\"http:\/\/theark.ch\/\" target=\"_blank\" rel=\"noopener\">Fondation The Ark<\/a> a ensuite pris le relais en soutenant KeyLemon avec une bourse, puis en l\u2019incluant d\u00e8s mi-2008 dans son <a href=\"http:\/\/theark.ch\/page\/le-partenaire-privilegie-des-createurs-d-entreprise-1692\" target=\"_blank\" rel=\"noopener\">Incubateur<\/a> de start-up et en l\u2019aidant \u00e0 rendre sa technologie plus robuste via des projets d\u2019innovation. Tout au long de ce processus, le <a href=\"https:\/\/ccf-valais.ch\/fr\/\" target=\"_blank\" rel=\"noopener\">Centre de cautionnement et de financement <\/a>(CCF) a r\u00e9guli\u00e8rement soutenu la jeune pousse, qui a souvent trust\u00e9 les premi\u00e8res places des concours nationaux et internationaux. \u00ab Il y a une coh\u00e9rence entre les divers outils de Business Valais, qui permettent de soutenir une entreprise durant les diff\u00e9rentes phases de son d\u00e9veloppement \u00bb, rel\u00e8ve pour sa part Fr\u00e9d\u00e9ric Bagnoud, secr\u00e9taire g\u00e9n\u00e9ral de la Fondation The Ark.\u00a0<\/p>\n<p>\u00ab\u2009Sans ces diff\u00e9rentes aides concr\u00e8tes, parfaitement coordonn\u00e9es et coupl\u00e9es \u00e0 des programmes nationaux comme <a href=\"https:\/\/www.venturekick.ch\/\" target=\"_blank\" rel=\"noopener\">Venturekick<\/a>, nous n\u2019y serions jamais arriv\u00e9s\u2009\u00bb, note Gilles Florey. En 2013, <a href=\"https:\/\/www.debiopharm.com\/\" target=\"_blank\" rel=\"noopener\">Debiopharm<\/a> et <a href=\"https:\/\/www.swisscom.ch\/fr\/clients-prives.html\" target=\"_blank\" rel=\"noopener\">Swisscom<\/a> ont investi dans l\u2019entreprise, lui permettant d\u2019augmenter ses capacit\u00e9s, avant le rachat en 2018 par <a href=\"http:\/\/ams.com\/eng\" target=\"_blank\" rel=\"noopener\">ams AG<\/a>.\u00a0<\/p>\n<p>\n<strong>Nouveaux locaux \u00e0 Martigny<\/strong><br \/>\n\u00abLa strat\u00e9gie d\u2019ams AG de combiner hardware et software de pointe nous a s\u00e9duit, et nous avons ainsi privil\u00e9gi\u00e9 leur offre de rachat. Garder l\u2019\u00e9quipe R&#038;D \u00e0 Martigny a \u00e9videmment \u00e9t\u00e9 tr\u00e8s important \u00e0 nos yeux \u00bb, explique Gilles Florey. \u00a0M\u00eame si son nom va progressivement dispara\u00eetre, KeyLemon restera en effet \u00e0 Martigny et s&#39;\u00e9tendra dans de nouveaux locaux, avec le soutien de la ville de Martigny.\u00a0<\/p>\n<p>Selon Yann Rodriguez, CTO et co-fondateur de KeyLemon, \u00ab ams AG a reconnu notre capacit\u00e9 \u00e0 d\u00e9velopper des solutions compl\u00e8tes de reconnaissance faciale, qui vont de l&#39;entrainement complexe de r\u00e9seaux de neurones \u00e0 l&#39;impl\u00e9mentation d&#39;applications d&#39;authentification sur t\u00e9l\u00e9phones mobiles \u00bb. Les applications de reconnaissance faciale de KeyLemon sont utilis\u00e9es dans les t\u00e9l\u00e9phones portables, mais \u00e9galement dans les voitures et d\u2019autres objets du quotidien.<br \/>\n\u00a0<\/p>\n<p><strong>Source <\/strong>: communiqu\u00e9 de presse KeyLemon<\/p>\n<p>\u00a0<\/p>\n","protected":false},"excerpt":{"rendered":"<p>Fin f\u00e9vrier, la multinationale ams AG &#8211; l\u2019un des principaux fournisseurs d\u2019Apple &#8211; annon\u00e7ait l\u2019acquisition de la start-up valaisanne KeyLemon. Cette success-story, initi\u00e9e en 2006, se poursuivra en Valais puisque ams AG souhaite faire de KeyLemon son centre de recherche et d\u00e9veloppement pour ses activit\u00e9s de biom\u00e9trie. Le succ\u00e8s de KeyLemon est intimement li\u00e9 au [&hellip;]<\/p>\n","protected":false},"author":1,"featured_media":20986,"comment_status":"closed","ping_status":"closed","sticky":false,"template":"","format":"standard","meta":{"_acf_changed":false,"footnotes":""},"categories":[186],"tags":[],"class_list":["post-5098","post","type-post","status-publish","format-standard","has-post-thumbnail","hentry","category-digital"],"acf":[],"_links":{"self":[{"href":"https:\/\/theark.ch\/fr\/wp-json\/wp\/v2\/posts\/5098","targetHints":{"allow":["GET"]}}],"collection":[{"href":"https:\/\/theark.ch\/fr\/wp-json\/wp\/v2\/posts"}],"about":[{"href":"https:\/\/theark.ch\/fr\/wp-json\/wp\/v2\/types\/post"}],"author":[{"embeddable":true,"href":"https:\/\/theark.ch\/fr\/wp-json\/wp\/v2\/users\/1"}],"replies":[{"embeddable":true,"href":"https:\/\/theark.ch\/fr\/wp-json\/wp\/v2\/comments?post=5098"}],"version-history":[{"count":0,"href":"https:\/\/theark.ch\/fr\/wp-json\/wp\/v2\/posts\/5098\/revisions"}],"wp:featuredmedia":[{"embeddable":true,"href":"https:\/\/theark.ch\/fr\/wp-json\/wp\/v2\/media\/20986"}],"wp:attachment":[{"href":"https:\/\/theark.ch\/fr\/wp-json\/wp\/v2\/media?parent=5098"}],"wp:term":[{"taxonomy":"category","embeddable":true,"href":"https:\/\/theark.ch\/fr\/wp-json\/wp\/v2\/categories?post=5098"},{"taxonomy":"post_tag","embeddable":true,"href":"https:\/\/theark.ch\/fr\/wp-json\/wp\/v2\/tags?post=5098"}],"curies":[{"name":"wp","href":"https:\/\/api.w.org\/{rel}","templated":true}]}}