{"id":51618,"date":"2026-03-30T06:19:54","date_gmt":"2026-03-30T04:19:54","guid":{"rendered":"https:\/\/theark.ch\/?p=51618"},"modified":"2026-03-30T06:36:51","modified_gmt":"2026-03-30T04:36:51","slug":"sebastien-cajot-ceo-durbio-figure-parmi-les-100-digital-shapers-de-suisse-2026","status":"publish","type":"post","link":"https:\/\/theark.ch\/fr\/news\/sebastien-cajot-ceo-durbio-figure-parmi-les-100-digital-shapers-de-suisse-2026\/","title":{"rendered":"s\u00e9bastien cajot, ceo d&rsquo;urbio, figure parmi les 100 digital shapers de suisse 2026"},"content":{"rendered":"\n<h5 class=\"wp-block-heading\"><strong>le magazine \u00e9conomique suisse bilanz a nomm\u00e9 s\u00e9bastien cajot, ceo et co-fondateur de la start-up valaisanne urbio, parmi les 100 personnalit\u00e9s les plus influentes de la transformation num\u00e9rique en suisse. une distinction rare pour un romand, qui vient r\u00e9compenser six ans de travail au service de la planification des syst\u00e8mes \u00e9nerg\u00e9tiques urbains.<\/strong><\/h5>\n\n\n\n<p>chaque ann\u00e9e, <a href=\"https:\/\/www.bilanz.ch\/\" target=\"_blank\" rel=\"noreferrer noopener\">bilanz<\/a> s\u00e9lectionne, avec le soutien d&rsquo;un jury de haut niveau comprenant notamment digitalswitzerland, google, le groupe kudelski et huawei, les cent personnalit\u00e9s qui font avancer la digitalisation en suisse. s\u00e9bastien cajot a \u00e9t\u00e9 retenu dans la cat\u00e9gorie \u00ab <a href=\"https:\/\/www.bilanz.ch\/digital-shapers\/digitale-koepfe-der-schweiz-energizers-digital-shapers-2026\/l9hm044\" target=\"_blank\" rel=\"noreferrer noopener\">energizers<\/a> \u00bb, qui regroupe les acteurs qui rendent la production, le stockage et l&rsquo;utilisation de l&rsquo;\u00e9nergie plus efficaces gr\u00e2ce au num\u00e9rique.<\/p>\n\n\n\n<p>bas\u00e9e au <a href=\"https:\/\/www.energypolis.ch\/\" target=\"_blank\" rel=\"noreferrer noopener\">campus energypolis<\/a> de sion et accompagn\u00e9e d\u00e8s ses d\u00e9buts par la fondation the ark, <a href=\"https:\/\/www.urb.io\/fr\" target=\"_blank\" rel=\"noreferrer noopener\">urbio<\/a> d\u00e9veloppe un logiciel d&rsquo;optimisation destin\u00e9 \u00e0 simplifier et acc\u00e9l\u00e9rer la planification des infrastructures \u00e9nerg\u00e9tiques \u00e0 l&rsquo;\u00e9chelle des villes. \u00ab je suis incroyablement honor\u00e9 de recevoir cette distinction \u00bb, a r\u00e9agi s\u00e9bastien cajot, avant d&rsquo;ajouter : \u00ab c&rsquo;est la preuve que le logiciel a un r\u00f4le cl\u00e9 \u00e0 jouer dans la construction de villes z\u00e9ro \u00e9mission nette. \u00bb<\/p>\n\n\n\n<h5 class=\"wp-block-heading\"><strong>de l&rsquo;epfl \u00e0 une expansion europ\u00e9enne<\/strong><\/h5>\n\n\n\n<p>les bases d&rsquo;urbio ont \u00e9t\u00e9 pos\u00e9es il y a une dizaine d&rsquo;ann\u00e9es, durant la th\u00e8se de doctorat de s\u00e9bastien cajot \u00e0 l&rsquo;epfl, o\u00f9 il a travaill\u00e9 avec son co-fondateur nils sch\u00fcler sur des m\u00e9thodes d&rsquo;optimisation de sc\u00e9narios \u00e9nerg\u00e9tiques urbains. la start-up a \u00e9t\u00e9 officiellement fond\u00e9e il y a six ans, avec une ambition claire : remplacer les approches traditionnelles de planification par un outil capable de rendre visible et g\u00e9rable la complexit\u00e9 des syst\u00e8mes \u00e9nerg\u00e9tiques.<\/p>\n\n\n\n<p>\u00ab plus la conception d&rsquo;infrastructures \u00e0 faibles \u00e9missions devient simple, plus la dynamique s&rsquo;enclenche rapidement \u00bb, r\u00e9sume s\u00e9bastien cajot. aujourd&rsquo;hui, la plateforme s&rsquo;\u00e9tend \u00e0 l&rsquo;\u00e9chelle europ\u00e9enne, notamment pour acc\u00e9l\u00e9rer le d\u00e9ploiement des r\u00e9seaux de chaleur \u00e0 distance gr\u00e2ce \u00e0 l&rsquo;intelligence artificielle. le ceo d\u00e9crit sa mission comme particuli\u00e8rement stimulante. \u00ab il est passionnant de travailler \u00e0 l&rsquo;intersection de deux opportunit\u00e9s majeures : la d\u00e9carbonation des b\u00e2timents et la digitalisation du secteur \u00e9nerg\u00e9tique. \u00bb<\/p>\n\n\n\n<h5 class=\"wp-block-heading\"><strong>un succ\u00e8s collectif<\/strong><\/h5>\n\n\n\n<p>en recevant cette distinction, s\u00e9bastien cajot a tenu \u00e0 souligner le travail de toute l&rsquo;\u00e9quipe. \u00ab construire de bons produits num\u00e9riques n&rsquo;est pas l&rsquo;\u0153uvre d&rsquo;une seule personne. cela demande une \u00e9quipe soud\u00e9e, un \u00e9cosyst\u00e8me d&rsquo;utilisateurs visionnaires et des boucles de feedback constantes pour progresser. \u00bb il a ainsi rendu hommage \u00e0 ses co-fondateurs nicolas sommer et nils sch\u00fcler, ainsi qu&rsquo;\u00e0 l&rsquo;ensemble des collaborateurs et utilisateurs d&rsquo;urbio.<br><br><strong>source<\/strong>\u00a0: bilanz<\/p>\n","protected":false},"excerpt":{"rendered":"<p>le magazine \u00e9conomique suisse bilanz a nomm\u00e9 s\u00e9bastien cajot, ceo et co-fondateur de la start-up valaisanne urbio, parmi les 100 personnalit\u00e9s les plus influentes de la transformation num\u00e9rique en suisse.<\/p>\n","protected":false},"author":3,"featured_media":51621,"comment_status":"closed","ping_status":"closed","sticky":false,"template":"","format":"standard","meta":{"_acf_changed":false,"footnotes":""},"categories":[189],"tags":[],"class_list":["post-51618","post","type-post","status-publish","format-standard","has-post-thumbnail","hentry","category-energie"],"acf":[],"_links":{"self":[{"href":"https:\/\/theark.ch\/fr\/wp-json\/wp\/v2\/posts\/51618","targetHints":{"allow":["GET"]}}],"collection":[{"href":"https:\/\/theark.ch\/fr\/wp-json\/wp\/v2\/posts"}],"about":[{"href":"https:\/\/theark.ch\/fr\/wp-json\/wp\/v2\/types\/post"}],"author":[{"embeddable":true,"href":"https:\/\/theark.ch\/fr\/wp-json\/wp\/v2\/users\/3"}],"replies":[{"embeddable":true,"href":"https:\/\/theark.ch\/fr\/wp-json\/wp\/v2\/comments?post=51618"}],"version-history":[{"count":4,"href":"https:\/\/theark.ch\/fr\/wp-json\/wp\/v2\/posts\/51618\/revisions"}],"predecessor-version":[{"id":51625,"href":"https:\/\/theark.ch\/fr\/wp-json\/wp\/v2\/posts\/51618\/revisions\/51625"}],"wp:featuredmedia":[{"embeddable":true,"href":"https:\/\/theark.ch\/fr\/wp-json\/wp\/v2\/media\/51621"}],"wp:attachment":[{"href":"https:\/\/theark.ch\/fr\/wp-json\/wp\/v2\/media?parent=51618"}],"wp:term":[{"taxonomy":"category","embeddable":true,"href":"https:\/\/theark.ch\/fr\/wp-json\/wp\/v2\/categories?post=51618"},{"taxonomy":"post_tag","embeddable":true,"href":"https:\/\/theark.ch\/fr\/wp-json\/wp\/v2\/tags?post=51618"}],"curies":[{"name":"wp","href":"https:\/\/api.w.org\/{rel}","templated":true}]}}