{"id":51887,"date":"2026-04-28T06:50:00","date_gmt":"2026-04-28T04:50:00","guid":{"rendered":"https:\/\/theark.ch\/?p=51887"},"modified":"2026-04-27T15:53:55","modified_gmt":"2026-04-27T13:53:55","slug":"smart-challenge-2026-un-appel-a-projets-pour-mettre-la-population-en-mouvement","status":"publish","type":"post","link":"https:\/\/theark.ch\/fr\/news\/smart-challenge-2026-un-appel-a-projets-pour-mettre-la-population-en-mouvement\/","title":{"rendered":"SMART Challenge 2026 : un appel \u00e0 projets pour mettre la population en mouvement"},"content":{"rendered":"\n<h5 class=\"wp-block-heading\">Le <a href=\"https:\/\/smartconfluence.ch\/smartchallenge\/\" target=\"_blank\" rel=\"noopener\">SMART Challenge 2026<\/a> est un appel \u00e0 projets visant \u00e0 faire \u00e9merger des solutions concr\u00e8tes pour favoriser le mouvement et l\u2019activit\u00e9 physique au quotidien, en r\u00e9ponse \u00e0 un enjeu majeur de sant\u00e9 publique : la s\u00e9dentarit\u00e9. <\/h5>\n\n\n\n<p><\/p>\n\n\n\n<p>Face \u00e0 un constat largement partag\u00e9 \u2013 une population encore insuffisamment active malgr\u00e9 des infrastructures existantes \u2013 le SMART Challenge 2026 lance un appel \u00e0 projets pour faire \u00e9merger des solutions concr\u00e8tes visant \u00e0 favoriser le mouvement et l\u2019activit\u00e9 physique au quotidien. Organis\u00e9 par SMART Confluence, cet appel \u00e0 projets s\u2019adresse \u00e0 toute personne ou organisation souhaitant proposer des approches innovantes, applicables et ancr\u00e9es dans les r\u00e9alit\u00e9s du terrain.<\/p>\n\n\n\n<h5 class=\"wp-block-heading\"><strong>Un enjeu : passer de l\u2019offre \u00e0 l\u2019usage<\/strong><\/h5>\n\n\n\n<p>Si l\u2019importance de l\u2019activit\u00e9 physique est aujourd\u2019hui reconnue, elle reste souvent rel\u00e9gu\u00e9e au second plan dans les habitudes de vie. Le principal d\u00e9fi ne r\u00e9side plus dans le manque d\u2019infrastructures, mais dans la capacit\u00e9 \u00e0 activer leur utilisation et \u00e0 int\u00e9grer durablement le mouvement dans le quotidien.<\/p>\n\n\n\n<p>Le SMART Challenge 2026 vise ainsi \u00e0 soutenir des initiatives capables de lever ces freins et de faciliter le passage \u00e0 l\u2019action.<\/p>\n\n\n\n<h5 class=\"wp-block-heading\"><strong>Deux d\u00e9fis pour structurer les solutions<\/strong><\/h5>\n\n\n\n<p>Les projets propos\u00e9s devront r\u00e9pondre \u00e0 au moins un des deux d\u00e9fis suivants :<\/p>\n\n\n\n<ul class=\"wp-block-list\">\n<li><strong>Mettre la population en mouvement au quotidien<\/strong><br>Int\u00e9grer l\u2019activit\u00e9 physique dans les modes de vie en proposant des solutions accessibles, flexibles et non contraignantes, tout en mobilisant des leviers comportementaux, sociaux ou culturels favorisant l\u2019engagement.<\/li>\n<\/ul>\n\n\n\n<ul class=\"wp-block-list\">\n<li><strong>Transformer les espaces en lieux de mouvement<\/strong><br>Activer des espaces existants aujourd\u2019hui sous-utilis\u00e9s (espaces publics, infrastructures, b\u00e2timents) en les rendant attractifs, accessibles et r\u00e9ellement fr\u00e9quent\u00e9s, en s\u2019appuyant sur les usages et dynamiques locales.<\/li>\n<\/ul>\n\n\n\n<h5 class=\"wp-block-heading\"><strong>Un appel ouvert et accessible<\/strong><\/h5>\n\n\n\n<p>Le challenge est ouvert \u00e0 un large \u00e9ventail de participants : start-up, entreprises, associations, institutions acad\u00e9miques ou porteurs de projets individuels, en Suisse comme \u00e0 l\u2019international.<\/p>\n\n\n\n<p>Les propositions peuvent \u00eatre \u00e0 diff\u00e9rents stades de maturit\u00e9, y compris \u00e0 un stade conceptuel.<\/p>\n\n\n\n<h5 class=\"wp-block-heading\"><strong>A la cl\u00e9<\/strong><\/h5>\n\n\n\n<p>\u00c0 l\u2019issue du processus de s\u00e9lection, les projets retenus peuvent b\u00e9n\u00e9ficier d\u2019un dispositif de soutien comprenant :<\/p>\n\n\n\n<ul class=\"wp-block-list\">\n<li>Un financement pouvant atteindre CHF 20&rsquo;000.-<\/li>\n\n\n\n<li>Un accompagnement sur mesure pour structurer et d\u00e9velopper le projet<\/li>\n\n\n\n<li>Une mise en r\u00e9seau avec des partenaires et experts de l\u2019\u00e9cosyst\u00e8me<\/li>\n\n\n\n<li>Un acc\u00e8s \u00e0 un terrain d\u2019exp\u00e9rimentation, ainsi qu\u2019une visibilit\u00e9 \u00e0 l\u2019\u00e9chelle r\u00e9gionale<\/li>\n<\/ul>\n\n\n\n<h5 class=\"wp-block-heading\"><strong>Calendrier<\/strong><\/h5>\n\n\n\n<ul class=\"wp-block-list\">\n<li>21 avril 2026 : ouverture des candidatures<\/li>\n\n\n\n<li>31 mai 2026 : cl\u00f4ture des candidatures<\/li>\n\n\n\n<li>9 juin 2026 : session de pitch<\/li>\n\n\n\n<li>Fin juin 2026 : annonce des laur\u00e9ats<\/li>\n\n\n\n<li>D\u00e8s juillet 2026 : phase d\u2019accompagnement des projets<\/li>\n<\/ul>\n\n\n\n<p><\/p>\n\n\n\n<p>Plus d&rsquo;informations: <a href=\"https:\/\/smartconfluence.ch\/smartchallenge\/\" target=\"_blank\" rel=\"noopener\">SMART Challenge &#8211; SMART Confluence<\/a><\/p>\n\n\n\n<p><\/p>\n\n\n\n<h5 class=\"wp-block-heading\"><strong>\u00c0 propos de SMART Confluence<\/strong><\/h5>\n\n\n\n<p>SMART Confluence est un \u00e9cosyst\u00e8me d\u00e9di\u00e9 \u00e0 l\u2019innovation dans les domaines de la sant\u00e9 et du sport. Il vise \u00e0 favoriser le d\u00e9veloppement de solutions concr\u00e8tes en lien avec le mouvement, en combinant expertise scientifique, accompagnement entrepreneurial et infrastructures sp\u00e9cialis\u00e9es.<\/p>\n\n\n\n<p><\/p>\n","protected":false},"excerpt":{"rendered":"<p>Le SMART Challenge 2026 est un appel \u00e0 projets visant \u00e0 faire \u00e9merger des solutions concr\u00e8tes pour favoriser le mouvement et l\u2019activit\u00e9 physique au quotidien, en r\u00e9ponse \u00e0 un enjeu majeur de sant\u00e9 publique : la s\u00e9dentarit\u00e9. Face \u00e0 un constat largement partag\u00e9 \u2013 une population encore insuffisamment active malgr\u00e9 des infrastructures existantes \u2013 le SMART Challenge 2026 lance un appel \u00e0 projets pour faire \u00e9merger des solutions concr\u00e8tes visant \u00e0 favoriser le mouvement et l\u2019activit\u00e9 physique au quotidien. Organis\u00e9 par SMART Confluence, cet appel \u00e0 projets s\u2019adresse \u00e0 toute personne ou organisation souhaitant proposer des approches innovantes, applicables et ancr\u00e9es dans les r\u00e9alit\u00e9s du terrain.<\/p>\n","protected":false},"author":5,"featured_media":51891,"comment_status":"closed","ping_status":"closed","sticky":false,"template":"","format":"standard","meta":{"_acf_changed":false,"footnotes":""},"categories":[192],"tags":[],"class_list":["post-51887","post","type-post","status-publish","format-standard","has-post-thumbnail","hentry","category-sante"],"acf":[],"_links":{"self":[{"href":"https:\/\/theark.ch\/fr\/wp-json\/wp\/v2\/posts\/51887","targetHints":{"allow":["GET"]}}],"collection":[{"href":"https:\/\/theark.ch\/fr\/wp-json\/wp\/v2\/posts"}],"about":[{"href":"https:\/\/theark.ch\/fr\/wp-json\/wp\/v2\/types\/post"}],"author":[{"embeddable":true,"href":"https:\/\/theark.ch\/fr\/wp-json\/wp\/v2\/users\/5"}],"replies":[{"embeddable":true,"href":"https:\/\/theark.ch\/fr\/wp-json\/wp\/v2\/comments?post=51887"}],"version-history":[{"count":4,"href":"https:\/\/theark.ch\/fr\/wp-json\/wp\/v2\/posts\/51887\/revisions"}],"predecessor-version":[{"id":51897,"href":"https:\/\/theark.ch\/fr\/wp-json\/wp\/v2\/posts\/51887\/revisions\/51897"}],"wp:featuredmedia":[{"embeddable":true,"href":"https:\/\/theark.ch\/fr\/wp-json\/wp\/v2\/media\/51891"}],"wp:attachment":[{"href":"https:\/\/theark.ch\/fr\/wp-json\/wp\/v2\/media?parent=51887"}],"wp:term":[{"taxonomy":"category","embeddable":true,"href":"https:\/\/theark.ch\/fr\/wp-json\/wp\/v2\/categories?post=51887"},{"taxonomy":"post_tag","embeddable":true,"href":"https:\/\/theark.ch\/fr\/wp-json\/wp\/v2\/tags?post=51887"}],"curies":[{"name":"wp","href":"https:\/\/api.w.org\/{rel}","templated":true}]}}