{"id":52798,"date":"2026-09-03T07:30:00","date_gmt":"2026-09-03T05:30:00","guid":{"rendered":"https:\/\/theark.ch\/?p=52798"},"modified":"2026-09-01T09:17:11","modified_gmt":"2026-09-01T07:17:11","slug":"event-smart-energy-le-pilotage-des-reseaux-un-essentiel-pour-le-domaine-de-lenergie","status":"publish","type":"post","link":"https:\/\/theark.ch\/fr\/news\/event-smart-energy-le-pilotage-des-reseaux-un-essentiel-pour-le-domaine-de-lenergie\/","title":{"rendered":"event smart energy\u2009: le pilotage des r\u00e9seaux, un essentiel pour le domaine de l\u2019\u00e9nergie"},"content":{"rendered":"\n<h5 class=\"wp-block-heading\"><strong>comment piloter les r\u00e9seaux \u00e9lectriques pour les rendre plus robustes, plus fiables et plus facilement interpr\u00e9tables\u2009? c\u2019est l\u2019une des questions essentielles abord\u00e9es lors de la 16<sup>e<\/sup> \u00e9dition de l\u2019event smart energy, organis\u00e9 les 27 et 28 ao\u00fbt dernier sur le campus energypolis de sion. une dizaine d\u2019experts du domaine ont transmis leurs exp\u00e9riences. l\u2019intelligence artificielle (ia) \u00e9tait bien entendu au c\u0153ur des discussions, en tant qu\u2019outil incontournable au pilotage des productions et consommations d\u2019\u00e9nergie. elle va notamment servir \u00e0 agr\u00e9ger les donn\u00e9es de milliers de petites installations productrices d\u2019\u00e9nergie partout dans le pays.<\/strong><\/h5>\n\n\n\n<p class=\"wp-block-paragraph\">le professeur epfl christophe ballif a ouvert l\u2019event smart energy par une keynote durant laquelle il a fait un point, r\u00e9solument optimiste, sur la transition \u00e9nerg\u00e9tique mondiale. au niveau suisse, il constate une baisse de l&rsquo;installation de panneaux solaires, li\u00e9e aux incertitudes ambiantes autour des tarifs de reprise de l\u2019\u00e9nergie. \u00ab\u2009il faut garder \u00e0 l&rsquo;esprit qu&rsquo;on fait cela pour sauver le monde, pas pour faire du b\u00e9n\u00e9fice\u2009\u00bb, note-t-il.<\/p>\n\n\n\n<p class=\"wp-block-paragraph\">il pointe aussi des d\u00e9fis techniques bien r\u00e9els, notamment li\u00e9s \u00e0 la forte p\u00e9n\u00e9tration du solaire dans le r\u00e9seau. \u00ab\u2009il y a un vrai risque de surproduction \u00e0 la mi-journ\u00e9e, ainsi que des enjeux de cybers\u00e9curit\u00e9. le risque technique augmente si l&rsquo;on n&rsquo;est pas capable de bien contr\u00f4ler cette production.\u2009\u00bb une meilleure coordination entre les acteurs du r\u00e9seau devient alors indispensable. \u00ab\u2009on compte environ 600 gestionnaires de r\u00e9seau de distribution en suisse, ce qui rend la situation assez compliqu\u00e9e \u00e0 orchestrer.\u2009\u00bb pour lui, l&rsquo;avenir appartient \u00e0 un syst\u00e8me plus flexible, capable d&rsquo;absorber les exc\u00e9dents de production.<br><br>vendredi matin, katrin j. yuan a montr\u00e9 que l&rsquo;intelligence artificielle entretient une relation \u00e0 double tranchant avec l&rsquo;\u00e9nergie. elle peut aussi bien alourdir la facture \u00e9lectrique mondiale que contribuer \u00e0 l&rsquo;all\u00e9ger. \u00ab ce n&rsquo;est pas l&rsquo;ia contre l&rsquo;\u00e9nergie. l&rsquo;ia est un amplificateur, du probl\u00e8me ou de la solution, selon la mani\u00e8re dont nous la gouvernons \u00bb, a-t-elle r\u00e9sum\u00e9, avant d&rsquo;insister sur le fait que l&rsquo;avenir \u00e9nerg\u00e9tique ne se jouera pas sur le terrain technologique, mais sur celui de la gouvernance, de la transparence et de la coop\u00e9ration internationale.<\/p>\n\n\n\n<h5 class=\"wp-block-heading\"><strong>qui pilote vraiment les syst\u00e8mes bas\u00e9s sur le cloud\u2009?<\/strong><\/h5>\n\n\n\n<p class=\"wp-block-paragraph\">marc sommer, responsable de l&rsquo;unit\u00e9 \u00e9nergie chez softcom, a pour sa part alert\u00e9 les gestionnaires de r\u00e9seau de distribution sur un angle mort\u2009: la multiplication des \u00e9quipements d\u00e9centralis\u00e9s \u2014 photovolta\u00efque, batteries, bornes de recharge, pompes \u00e0 chaleur \u2014 s&rsquo;accompagne d&rsquo;applications et de clouds qui permettent de piloter leurs installations \u00e0 distance, sans leur accord. une diversit\u00e9 de fournisseurs qui n&rsquo;est qu&rsquo;apparente. \u00ab cent fournisseurs ne font pas cent ind\u00e9pendances de d\u00e9faillance, si leurs commandes finissent par passer par les m\u00eames trois ou quatre portails. \u00bb<\/p>\n\n\n\n<p class=\"wp-block-paragraph\">la suite de la matin\u00e9e a permis de pr\u00e9senter le quotidien de nant de drance, l\u2019une des installations majeures en suisse d\u00e9di\u00e9e \u00e0 la flexibilit\u00e9 du r\u00e9seau. cette centrale de pompage-turbinage fonctionne comme une immense batterie de 20 gwh, capable d&rsquo;alimenter plus de 4\u2019000 m\u00e9nages sur un seul remplissage. en 2025, le volume exploit\u00e9 a atteint 1 twh, soit l&rsquo;\u00e9quivalent de pr\u00e8s de deux fois le parc de v\u00e9hicules \u00e9lectriques suisse. son c\u0153ur d&rsquo;activit\u00e9 se situe entre avril et octobre, quand la production solaire est la plus importante, imposant des cycles journaliers de turbinage le matin et le soir, et de pompage en journ\u00e9e. \u00ab l&rsquo;un des d\u00e9fis majeurs pour nant de drance est la disponibilit\u00e9 de la centrale \u00bb, explique son directeur jeremy urech. contrairement \u00e0 une installation classique, chaque opportunit\u00e9 manqu\u00e9e constitue une perte directe nette qui ne pourra pas \u00eatre compens\u00e9e, un enjeu de taille face \u00e0 des charges annuelles proches de 91 millions de francs.<\/p>\n\n\n\n<p class=\"wp-block-paragraph\">franziska megert d\u2019enalpin et karl werlen, de misurio, ont ensuite pr\u00e9sent\u00e9 la mise en place concr\u00e8te d\u2019une \u00ab&nbsp;flexfabrik&nbsp;\u00bb, qui se pr\u00e9sente sous la forme d\u2019une grande batterie de stockage, install\u00e9e \u00e0 l\u2019entr\u00e9e de la vall\u00e9e de saas. cette derni\u00e8re offre davantage de flexibilit\u00e9 au gestionnaire de r\u00e9seau, et a pu compter sur le savoir-faire de la pme valaisanne misurio pour sa mise en \u0153uvre.<\/p>\n\n\n\n<h5 class=\"wp-block-heading\"><strong>l\u2019importance cruciale des donn\u00e9es<\/strong><\/h5>\n\n\n\n<p class=\"wp-block-paragraph\">lors de la table ronde organis\u00e9e en fin de matin\u00e9e et anim\u00e9e par le journaliste jonas schneiter, quatre experts ont discut\u00e9 de la transformation du pilotage du r\u00e9seau \u00e9lectrique, qui se joue d\u00e9sormais \u00e0 la seconde plut\u00f4t qu&rsquo;\u00e0 la semaine. fran\u00e7ois mar\u00e9chal (prof. epfl valais) a soulign\u00e9 l&rsquo;\u00e9mergence de milliers de petits producteurs et consommateurs, comme les voitures \u00e9lectriques ou les b\u00e2timents, qui pourraient \u00eatre mobilis\u00e9s comme des batteries \u00e0 l&rsquo;\u00e9chelle du quartier. ben gemsj\u00e4ger (siemens) a cit\u00e9 des exemples europ\u00e9ens concrets, notamment l&rsquo;allemagne qui int\u00e8gre d\u00e9j\u00e0 les petites installations depuis 2024, tout en pointant le manque de logiciels adapt\u00e9s comme les syst\u00e8mes scada de nouvelle g\u00e9n\u00e9ration.<br><br>beno\u00eet martinet (fmv) a rappel\u00e9 que les grands am\u00e9nagements hydrauliques, comme nant de drance, restent indispensables pour garantir la stabilit\u00e9 du r\u00e9seau, en compl\u00e9ment du d\u00e9centralis\u00e9. nicolas varone (oiken) a pr\u00e9sent\u00e9 quant \u00e0 lui les avanc\u00e9es concr\u00e8tes de son entreprise, qui pilote d\u00e9j\u00e0 4 m\u00e9gawatts de flexibilit\u00e9 via une centrale virtuelle, un chiffre qui devrait atteindre 19 m\u00e9gawatts d&rsquo;ici la fin de l&rsquo;ann\u00e9e.<br><br>les quatre intervenants ont converg\u00e9 sur l&rsquo;importance cruciale des donn\u00e9es, notamment via le renouvellement des compteurs, pour permettre une gestion plus fine et en temps r\u00e9el du r\u00e9seau. enfin, tous ont rappel\u00e9 que l&rsquo;utilisateur final reste au centre des d\u00e9cisions et qu&rsquo;il faudra privil\u00e9gier des solutions simples et compr\u00e9hensibles, notamment \u00e0 travers des tarifs clairs.<\/p>\n\n\n\n<h5 class=\"wp-block-heading\"><strong>une 17<sup>e<\/sup> \u00e9dition d\u2019ores et d\u00e9j\u00e0 annonc\u00e9e<\/strong><\/h5>\n\n\n\n<p class=\"wp-block-paragraph\">pr\u00e8s de 180 personnes ont particip\u00e9 \u00e0 cette 16<sup>e<\/sup> \u00e9dition de l\u2019event smart energy, organis\u00e9e par la fondation the ark et <a href=\"https:\/\/www.cleantech-alps.com\/\" target=\"_blank\" rel=\"noreferrer noopener\">cleantechalps<\/a>, avec le soutien de <a href=\"https:\/\/fmv.ch\/\" target=\"_blank\" rel=\"noreferrer noopener\">fmv<\/a>, l\u2019<a href=\"https:\/\/www.epfl.ch\/about\/campus\/fr\/valais-fr\/\" target=\"_blank\" rel=\"noreferrer noopener\">epfl valais<\/a>, <a href=\"https:\/\/www.siemens.com\/fr-fr\/\" target=\"_blank\" rel=\"noreferrer noopener\">siemens<\/a>, <a href=\"https:\/\/oiken.ch\/\" target=\"_blank\" rel=\"noreferrer noopener\">oiken<\/a> et la <a href=\"https:\/\/www.hevs.ch\/fr\" target=\"_blank\" rel=\"noreferrer noopener\">hes-so valais-wallis<\/a>. la 17<sup>e<\/sup> \u00e9dition est d\u2019ores et d\u00e9j\u00e0 annonc\u00e9e pour les 26 et 27 ao\u00fbt. le programme sera annonc\u00e9 au d\u00e9but de l\u2019ann\u00e9e prochaine. <br><\/p>\n\n\n\n<p class=\"wp-block-paragraph\"><strong>l&rsquo;\u00e9v\u00e9nement <\/strong><a href=\"https:\/\/flic.kr\/s\/aHBqjD3E9U\" target=\"_blank\" rel=\"noreferrer noopener\">en images<\/a><br><br><strong>informations compl\u00e9mentaires<\/strong>\u2009: <a href=\"http:\/\/www.eventsmartenergy.ch\" data-type=\"link\" data-id=\"http:\/\/www.eventsmartenergy.ch\" target=\"_blank\" rel=\"noopener\">www.eventsmartenergy.ch<\/a><\/p>\n\n\n\n<p class=\"wp-block-paragraph\"><\/p>\n","protected":false},"excerpt":{"rendered":"<p>comment piloter les r\u00e9seaux \u00e9lectriques pour les rendre plus robustes, plus fiables et plus facilement interpr\u00e9tables\u2009? c\u2019est l\u2019une des questions essentielles abord\u00e9es lors de la 16e \u00e9dition de l\u2019event smart energy, organis\u00e9 les 27 et 28 ao\u00fbt dernier sur le campus energypolis de sion. <\/p>\n","protected":false},"author":3,"featured_media":52844,"comment_status":"closed","ping_status":"closed","sticky":false,"template":"","format":"standard","meta":{"_acf_changed":false,"footnotes":""},"categories":[189,194],"tags":[],"class_list":["post-52798","post","type-post","status-publish","format-standard","has-post-thumbnail","hentry","category-energie","category-event"],"acf":[],"_links":{"self":[{"href":"https:\/\/theark.ch\/fr\/wp-json\/wp\/v2\/posts\/52798","targetHints":{"allow":["GET"]}}],"collection":[{"href":"https:\/\/theark.ch\/fr\/wp-json\/wp\/v2\/posts"}],"about":[{"href":"https:\/\/theark.ch\/fr\/wp-json\/wp\/v2\/types\/post"}],"author":[{"embeddable":true,"href":"https:\/\/theark.ch\/fr\/wp-json\/wp\/v2\/users\/3"}],"replies":[{"embeddable":true,"href":"https:\/\/theark.ch\/fr\/wp-json\/wp\/v2\/comments?post=52798"}],"version-history":[{"count":9,"href":"https:\/\/theark.ch\/fr\/wp-json\/wp\/v2\/posts\/52798\/revisions"}],"predecessor-version":[{"id":52847,"href":"https:\/\/theark.ch\/fr\/wp-json\/wp\/v2\/posts\/52798\/revisions\/52847"}],"wp:featuredmedia":[{"embeddable":true,"href":"https:\/\/theark.ch\/fr\/wp-json\/wp\/v2\/media\/52844"}],"wp:attachment":[{"href":"https:\/\/theark.ch\/fr\/wp-json\/wp\/v2\/media?parent=52798"}],"wp:term":[{"taxonomy":"category","embeddable":true,"href":"https:\/\/theark.ch\/fr\/wp-json\/wp\/v2\/categories?post=52798"},{"taxonomy":"post_tag","embeddable":true,"href":"https:\/\/theark.ch\/fr\/wp-json\/wp\/v2\/tags?post=52798"}],"curies":[{"name":"wp","href":"https:\/\/api.w.org\/{rel}","templated":true}]}}