{"id":5466,"date":"2018-11-30T12:14:00","date_gmt":"2018-11-30T11:14:00","guid":{"rendered":"http:\/\/theark.ch\/calendrier-de-lavent-des-surprises-vous-attendent-sur-le-facebook-de-the-ark-9214\/"},"modified":"2018-11-30T12:14:00","modified_gmt":"2018-11-30T10:14:00","slug":"calendrier-de-lavent-des-surprises-vous-attendent-sur-le-facebook-de-the-ark-9214","status":"publish","type":"post","link":"https:\/\/theark.ch\/fr\/news\/calendrier-de-lavent-des-surprises-vous-attendent-sur-le-facebook-de-the-ark-9214\/","title":{"rendered":"Calendrier de l\u2019Avent : des surprises vous attendent sur le Facebook de The Ark!"},"content":{"rendered":"<p><strong>Cette ann\u00e9e, la Fondation The Ark vous a pr\u00e9par\u00e9 un calendrier de l\u2019Avent un peu particulier pour patienter jusqu\u2019\u00e0 No\u00ebl ! Chaque jour, jusqu\u2019au 24 d\u00e9cembre, notre page Facebook sera anim\u00e9e par une publication quotidienne sp\u00e9cial No\u00ebl ! Des concours, vid\u00e9os, images, citations et d\u2019autres surprises vous attendent ces prochains jours ! Restez connect\u00e9s !<\/strong><\/p>\n<p>Mois de d\u00e9cembre rime avec pr\u00e9paration des f\u00eates, neige (peut-\u00eatre !!) et esprit de No\u00ebl. La <a href=\"http:\/\/theark.ch\/\" target=\"_blank\" rel=\"noopener\">Fondation The Ark <\/a>souhaite \u00e9galement partager avec vous en cette p\u00e9riode sp\u00e9ciale et a mis sur pied un calendrier de l\u2019Avent digital. Chaque jour sur notre page Facebook, une nouvelle publication vous attend.<\/p>\n<p>Nous profitons de cet article pour vous remercier de votre fid\u00e9lit\u00e9 et esp\u00e9rons que vous appr\u00e9cierez les infos sp\u00e9ciales que nous vous communiquerons durant cette p\u00e9riode de l\u2019Avent !<br \/>\n\u00a0<\/p>\n<p>\u00a0<\/p>\n","protected":false},"excerpt":{"rendered":"<p>Cette ann\u00e9e, la Fondation The Ark vous a pr\u00e9par\u00e9 un calendrier de l\u2019Avent un peu particulier pour patienter jusqu\u2019\u00e0 No\u00ebl ! Chaque jour, jusqu\u2019au 24 d\u00e9cembre, notre page Facebook sera anim\u00e9e par une publication quotidienne sp\u00e9cial No\u00ebl ! Des concours, vid\u00e9os, images, citations et d\u2019autres surprises vous attendent ces prochains jours ! Restez connect\u00e9s ! [&hellip;]<\/p>\n","protected":false},"author":1,"featured_media":20614,"comment_status":"closed","ping_status":"closed","sticky":false,"template":"","format":"standard","meta":{"_acf_changed":false,"footnotes":""},"categories":[186],"tags":[],"class_list":["post-5466","post","type-post","status-publish","format-standard","has-post-thumbnail","hentry","category-digital"],"acf":[],"_links":{"self":[{"href":"https:\/\/theark.ch\/fr\/wp-json\/wp\/v2\/posts\/5466","targetHints":{"allow":["GET"]}}],"collection":[{"href":"https:\/\/theark.ch\/fr\/wp-json\/wp\/v2\/posts"}],"about":[{"href":"https:\/\/theark.ch\/fr\/wp-json\/wp\/v2\/types\/post"}],"author":[{"embeddable":true,"href":"https:\/\/theark.ch\/fr\/wp-json\/wp\/v2\/users\/1"}],"replies":[{"embeddable":true,"href":"https:\/\/theark.ch\/fr\/wp-json\/wp\/v2\/comments?post=5466"}],"version-history":[{"count":0,"href":"https:\/\/theark.ch\/fr\/wp-json\/wp\/v2\/posts\/5466\/revisions"}],"wp:featuredmedia":[{"embeddable":true,"href":"https:\/\/theark.ch\/fr\/wp-json\/wp\/v2\/media\/20614"}],"wp:attachment":[{"href":"https:\/\/theark.ch\/fr\/wp-json\/wp\/v2\/media?parent=5466"}],"wp:term":[{"taxonomy":"category","embeddable":true,"href":"https:\/\/theark.ch\/fr\/wp-json\/wp\/v2\/categories?post=5466"},{"taxonomy":"post_tag","embeddable":true,"href":"https:\/\/theark.ch\/fr\/wp-json\/wp\/v2\/tags?post=5466"}],"curies":[{"name":"wp","href":"https:\/\/api.w.org\/{rel}","templated":true}]}}