{"id":5546,"date":"2019-01-22T10:27:00","date_gmt":"2019-01-22T09:27:00","guid":{"rendered":"http:\/\/theark.ch\/prix-createurs-bcvs-deja-la-10e-edition-9235\/"},"modified":"2019-01-22T10:27:00","modified_gmt":"2019-01-22T08:27:00","slug":"prix-createurs-bcvs-deja-la-10e-edition-9235","status":"publish","type":"post","link":"https:\/\/theark.ch\/fr\/news\/prix-createurs-bcvs-deja-la-10e-edition-9235\/","title":{"rendered":"Prix Cr\u00e9ateurs BCVs\u2009: d\u00e9j\u00e0 la 10e \u00e9dition\u2009!"},"content":{"rendered":"<p><strong>Le Prix Cr\u00e9ateurs BCVs vivra d\u00e9j\u00e0 sa 10e \u00e9dition en 2019 ! Apr\u00e8s le record de candidatures enregistr\u00e9 l\u2019an dernier, l\u2019\u00e9quipe d\u2019organisation s\u2019attend \u00e0 nouveau \u00e0 un fort engouement de la part des Valaisannes et Valaisans pour ce concours de r\u00e9f\u00e9rence dans le domaine de l\u2019innovation. Le prix a pour vocation de promouvoir et r\u00e9compenser les projets d\u00e9velopp\u00e9s par les particuliers, les PME et les start-up. Dot\u00e9 d\u2019un prix d\u2019une valeur totale de 30&#39;000 francs, il est ouvert \u00e0 toutes et \u00e0 tous. Le d\u00e9lai de d\u00e9p\u00f4t des candidatures est fix\u00e9 au 31 mars prochain. Le nom du gagnant sera d\u00e9voil\u00e9 le 6 juin lors d\u2019une soir\u00e9e de gala qui se tiendra \u00e0 Conthey et qui fera la part belle, 10e anniversaire oblige, \u00e0 des surprises. <\/strong><\/p>\n<p>Lanc\u00e9 en 2007, le <a href=\"https:\/\/www.prixcreateurbcvs.ch\/fr\/\" target=\"_blank\" rel=\"noopener\">Prix Cr\u00e9ateurs BCVs<\/a> a gard\u00e9 le m\u00eame but tout au long de ses diff\u00e9rentes \u00e9ditions : \u00a0r\u00e9compenser le projet le plus novateur, quel que soit le domaine d\u2019activit\u00e9. Le projet prim\u00e9 recevra ainsi 30&#39;000 francs\u2009: 10&#39;000 francs en cash, 15&#39;000 francs en prestations de coaching et un spot promotionnel d\u2019une valeur de 5&#39;000 francs.<\/p>\n<p>La participation est ouverte aux projets port\u00e9s par des individus ou des soci\u00e9t\u00e9s du Valais et dont la mise en \u0153uvre est pr\u00e9vue dans l\u2019ann\u00e9e qui suit. Les entreprises existantes peuvent \u00e9galement concourir, pour autant qu\u2019elles proposent une nouvelle id\u00e9e de produit ou service. Les projets doivent \u00eatre avant tout innovants et cr\u00e9atifs\u2009!<\/p>\n<p>Les conditions de participation et le r\u00e8glement du concours sont t\u00e9l\u00e9chargeables d\u00e8s maintenant sur <a href=\"https:\/\/www.prixcreateurbcvs.ch\/fr\/\" target=\"_blank\" rel=\"noopener\">www.prixcreateursbcvs.ch<\/a>. Les dossiers de candidature sont \u00e0 renvoyer \u00e0 Business Valais d\u2019ici le 31 mars 2019. Un jury, compos\u00e9 de repr\u00e9sentants du monde bancaire et \u00e9conomique, d\u00e9signera les trois finalistes. Le public, via un vote SMS ou internet, d\u00e9partagera ensuite le trio final. Gr\u00e2ce au partenariat avec tous les m\u00e9dias valaisans, les trois finalistes seront pr\u00e9sent\u00e9s \u00e0 un large public.\u00a0<\/p>\n<p>La remise du prix aura lieu le jeudi 6 juin 2019 \u00e0 la halle polyvalente de Conthey. Pour sa 10e \u00e9dition, le Prix Cr\u00e9ateurs BCVs pourra compter sur de nombreuses surprises pour f\u00eater dignement cet important anniversaire.<\/p>\n<p>La <a href=\"https:\/\/www.bcvs.ch\/fr\/accueil.html\" target=\"_blank\" rel=\"noopener\">Banque Cantonale du Valais<\/a> est partenaire et initiatrice du Prix Cr\u00e9ateurs BCVs. De par sa place pr\u00e9pond\u00e9rante dans l\u2019\u00e9conomie valaisanne, elle joue un r\u00f4le moteur dans le partenariat avec les entreprises et ses cr\u00e9ateurs. <a href=\"https:\/\/www.vs.ch\/fr\/web\/entreprises\" target=\"_blank\" rel=\"noopener\">Business Valais<\/a> est l\u2019entit\u00e9 de promotion \u00e9conomique du canton du Valais au service de l\u2019entrepreneuriat. Partenaire incontournable de l\u2019\u00e9conomie valaisanne, notamment dans le domaine de la cr\u00e9ation de nouvelles entreprises, il co-organise le prix.<br \/>\n\u00a0<\/p>\n<p><strong>Source<\/strong> : communiqu\u00e9 de presse\u00a0BCVs-WKB &#8211; Business Valais<\/p>\n<p>\u00a0<\/p>\n","protected":false},"excerpt":{"rendered":"<p>Le Prix Cr\u00e9ateurs BCVs vivra d\u00e9j\u00e0 sa 10e \u00e9dition en 2019 ! Apr\u00e8s le record de candidatures enregistr\u00e9 l\u2019an dernier, l\u2019\u00e9quipe d\u2019organisation s\u2019attend \u00e0 nouveau \u00e0 un fort engouement de la part des Valaisannes et Valaisans pour ce concours de r\u00e9f\u00e9rence dans le domaine de l\u2019innovation. Le prix a pour vocation de promouvoir et r\u00e9compenser [&hellip;]<\/p>\n","protected":false},"author":1,"featured_media":5547,"comment_status":"closed","ping_status":"closed","sticky":false,"template":"","format":"standard","meta":{"_acf_changed":false,"footnotes":""},"categories":[186],"tags":[],"class_list":["post-5546","post","type-post","status-publish","format-standard","has-post-thumbnail","hentry","category-digital"],"acf":[],"_links":{"self":[{"href":"https:\/\/theark.ch\/fr\/wp-json\/wp\/v2\/posts\/5546","targetHints":{"allow":["GET"]}}],"collection":[{"href":"https:\/\/theark.ch\/fr\/wp-json\/wp\/v2\/posts"}],"about":[{"href":"https:\/\/theark.ch\/fr\/wp-json\/wp\/v2\/types\/post"}],"author":[{"embeddable":true,"href":"https:\/\/theark.ch\/fr\/wp-json\/wp\/v2\/users\/1"}],"replies":[{"embeddable":true,"href":"https:\/\/theark.ch\/fr\/wp-json\/wp\/v2\/comments?post=5546"}],"version-history":[{"count":0,"href":"https:\/\/theark.ch\/fr\/wp-json\/wp\/v2\/posts\/5546\/revisions"}],"wp:featuredmedia":[{"embeddable":true,"href":"https:\/\/theark.ch\/fr\/wp-json\/wp\/v2\/media\/5547"}],"wp:attachment":[{"href":"https:\/\/theark.ch\/fr\/wp-json\/wp\/v2\/media?parent=5546"}],"wp:term":[{"taxonomy":"category","embeddable":true,"href":"https:\/\/theark.ch\/fr\/wp-json\/wp\/v2\/categories?post=5546"},{"taxonomy":"post_tag","embeddable":true,"href":"https:\/\/theark.ch\/fr\/wp-json\/wp\/v2\/tags?post=5546"}],"curies":[{"name":"wp","href":"https:\/\/api.w.org\/{rel}","templated":true}]}}